 {"id":1051,"date":"2019-04-01T15:13:33","date_gmt":"2019-04-01T18:13:33","guid":{"rendered":"http:\/\/saobernardo.ma.gov.br\/gestaopublica\/?p=1051"},"modified":"2023-06-13T16:45:52","modified_gmt":"2023-06-13T19:45:52","slug":"portaria-n-373-de-01-de-abril-de-2019-dispoe-sobre-nomeacao-do-cargo-em-comissao-de-secretaria-municipal-de-direitos-humanos-e-cidadania","status":"publish","type":"post","link":"https:\/\/saobernardo.ma.gov.br\/transparencia\/portarias\/portaria-n-373-de-01-de-abril-de-2019-dispoe-sobre-nomeacao-do-cargo-em-comissao-de-secretaria-municipal-de-direitos-humanos-e-cidadania\/","title":{"rendered":"Portaria N\u00b0 381, de 01 de abril de 2019, disp\u00f5e sobre nomea\u00e7\u00e3o do cargo em comiss\u00e3o de secretaria municipal de direitos humanos e cidadania"},"content":{"rendered":"<p><a <a href=\"http:\/\/saobernardo.ma.gov.br\/transparencia\/wp-content\/uploads\/2019\/04\/Portaria-N\u00b0-381-de-18-de-Mar\u00e7o-de-2019-1.pdf\" target=\"_blank\">download\u00a0<\/a><\/p>\n","protected":false},"excerpt":{"rendered":"","protected":false},"author":2,"featured_media":0,"comment_status":"open","ping_status":"closed","sticky":false,"template":"","format":"standard","meta":{"_acf_changed":false,"footnotes":""},"categories":[4],"tags":[],"mes":[27],"ano":[37],"secretarias":[],"class_list":["post-1051","post","type-post","status-publish","format-standard","hentry","category-portarias","mes-abril","ano-37"],"acf":{"link_csv":"http:\/\/saobernardo.ma.gov.br\/transparencia\/wp-content\/uploads\/2019\/04\/Portaria-N\u00b0-381-de-18-de-Mar\u00e7o-de-2019-1.pdf"},"_links":{"self":[{"href":"https:\/\/saobernardo.ma.gov.br\/transparencia\/wp-json\/wp\/v2\/posts\/1051","targetHints":{"allow":["GET"]}}],"collection":[{"href":"https:\/\/saobernardo.ma.gov.br\/transparencia\/wp-json\/wp\/v2\/posts"}],"about":[{"href":"https:\/\/saobernardo.ma.gov.br\/transparencia\/wp-json\/wp\/v2\/types\/post"}],"author":[{"embeddable":true,"href":"https:\/\/saobernardo.ma.gov.br\/transparencia\/wp-json\/wp\/v2\/users\/2"}],"replies":[{"embeddable":true,"href":"https:\/\/saobernardo.ma.gov.br\/transparencia\/wp-json\/wp\/v2\/comments?post=1051"}],"version-history":[{"count":3,"href":"https:\/\/saobernardo.ma.gov.br\/transparencia\/wp-json\/wp\/v2\/posts\/1051\/revisions"}],"predecessor-version":[{"id":1090,"href":"https:\/\/saobernardo.ma.gov.br\/transparencia\/wp-json\/wp\/v2\/posts\/1051\/revisions\/1090"}],"wp:attachment":[{"href":"https:\/\/saobernardo.ma.gov.br\/transparencia\/wp-json\/wp\/v2\/media?parent=1051"}],"wp:term":[{"taxonomy":"category","embeddable":true,"href":"https:\/\/saobernardo.ma.gov.br\/transparencia\/wp-json\/wp\/v2\/categories?post=1051"},{"taxonomy":"post_tag","embeddable":true,"href":"https:\/\/saobernardo.ma.gov.br\/transparencia\/wp-json\/wp\/v2\/tags?post=1051"},{"taxonomy":"mes","embeddable":true,"href":"https:\/\/saobernardo.ma.gov.br\/transparencia\/wp-json\/wp\/v2\/mes?post=1051"},{"taxonomy":"ano","embeddable":true,"href":"https:\/\/saobernardo.ma.gov.br\/transparencia\/wp-json\/wp\/v2\/ano?post=1051"},{"taxonomy":"secretarias","embeddable":true,"href":"https:\/\/saobernardo.ma.gov.br\/transparencia\/wp-json\/wp\/v2\/secretarias?post=1051"}],"curies":[{"name":"wp","href":"https:\/\/api.w.org\/{rel}","templated":true}]}}