 {"id":10722,"date":"2022-04-27T15:47:22","date_gmt":"2022-04-27T18:47:22","guid":{"rendered":"https:\/\/saobernardo.ma.gov.br\/transparencia\/?p=10722"},"modified":"2023-06-21T14:22:15","modified_gmt":"2023-06-21T17:22:15","slug":"portaria-no-91-de-27-de-abril-de-2022-dispoe-sobre-a-nomeacao-para-cargo-em-comissao-de-coordenador-pedagogico-da-secretaria-municipal-de-educacao-e-da-outras-providencias","status":"publish","type":"post","link":"https:\/\/saobernardo.ma.gov.br\/transparencia\/portarias\/portaria-no-91-de-27-de-abril-de-2022-dispoe-sobre-a-nomeacao-para-cargo-em-comissao-de-coordenador-pedagogico-da-secretaria-municipal-de-educacao-e-da-outras-providencias\/","title":{"rendered":"PORTARIA N\u00ba 91, DE 27 DE ABRIL DE 2022 &#8211; RESOLVE NOMEAR, para o Cargo em Comiss\u00e3o de Coordenador Pedag\u00f3gico &#8211; DAS, do Jardim de Inf\u00e2ncia Saci-Perer\u00ea, a Sra. KELYANNE DE SOUSA REIS"},"content":{"rendered":"","protected":false},"excerpt":{"rendered":"","protected":false},"author":6,"featured_media":0,"comment_status":"open","ping_status":"closed","sticky":false,"template":"","format":"standard","meta":{"_acf_changed":false,"footnotes":""},"categories":[4],"tags":[],"mes":[27],"ano":[22],"secretarias":[],"class_list":["post-10722","post","type-post","status-publish","format-standard","hentry","category-portarias","mes-abril","ano-22"],"acf":{"documento":"https:\/\/saobernardo.ma.gov.br\/transparencia\/wp-content\/uploads\/2022\/04\/PORTARIA-91-KELYANNE.pdf","link_csv":"","situacao_da_portaria":"ATIVA"},"_links":{"self":[{"href":"https:\/\/saobernardo.ma.gov.br\/transparencia\/wp-json\/wp\/v2\/posts\/10722","targetHints":{"allow":["GET"]}}],"collection":[{"href":"https:\/\/saobernardo.ma.gov.br\/transparencia\/wp-json\/wp\/v2\/posts"}],"about":[{"href":"https:\/\/saobernardo.ma.gov.br\/transparencia\/wp-json\/wp\/v2\/types\/post"}],"author":[{"embeddable":true,"href":"https:\/\/saobernardo.ma.gov.br\/transparencia\/wp-json\/wp\/v2\/users\/6"}],"replies":[{"embeddable":true,"href":"https:\/\/saobernardo.ma.gov.br\/transparencia\/wp-json\/wp\/v2\/comments?post=10722"}],"version-history":[{"count":3,"href":"https:\/\/saobernardo.ma.gov.br\/transparencia\/wp-json\/wp\/v2\/posts\/10722\/revisions"}],"predecessor-version":[{"id":11795,"href":"https:\/\/saobernardo.ma.gov.br\/transparencia\/wp-json\/wp\/v2\/posts\/10722\/revisions\/11795"}],"wp:attachment":[{"href":"https:\/\/saobernardo.ma.gov.br\/transparencia\/wp-json\/wp\/v2\/media?parent=10722"}],"wp:term":[{"taxonomy":"category","embeddable":true,"href":"https:\/\/saobernardo.ma.gov.br\/transparencia\/wp-json\/wp\/v2\/categories?post=10722"},{"taxonomy":"post_tag","embeddable":true,"href":"https:\/\/saobernardo.ma.gov.br\/transparencia\/wp-json\/wp\/v2\/tags?post=10722"},{"taxonomy":"mes","embeddable":true,"href":"https:\/\/saobernardo.ma.gov.br\/transparencia\/wp-json\/wp\/v2\/mes?post=10722"},{"taxonomy":"ano","embeddable":true,"href":"https:\/\/saobernardo.ma.gov.br\/transparencia\/wp-json\/wp\/v2\/ano?post=10722"},{"taxonomy":"secretarias","embeddable":true,"href":"https:\/\/saobernardo.ma.gov.br\/transparencia\/wp-json\/wp\/v2\/secretarias?post=10722"}],"curies":[{"name":"wp","href":"https:\/\/api.w.org\/{rel}","templated":true}]}}