 {"id":10896,"date":"2022-04-27T11:19:57","date_gmt":"2022-04-27T14:19:57","guid":{"rendered":"https:\/\/saobernardo.ma.gov.br\/transparencia\/?p=10896"},"modified":"2023-06-21T14:16:29","modified_gmt":"2023-06-21T17:16:29","slug":"portaria-no-126-de-27-de-abril-de-2022-dispoe-sobre-a-designacao-para-cargo-em-comissao-de-coordenador-de-formacao-e-avaliacao-da-secretaria-municipal-de-educacao-e-da-outras-providencia","status":"publish","type":"post","link":"https:\/\/saobernardo.ma.gov.br\/transparencia\/portarias\/portaria-no-126-de-27-de-abril-de-2022-dispoe-sobre-a-designacao-para-cargo-em-comissao-de-coordenador-de-formacao-e-avaliacao-da-secretaria-municipal-de-educacao-e-da-outras-providencia\/","title":{"rendered":"PORTARIA N\u00ba 126, DE 27 DE ABRIL DE 2022 &#8211; RESOLVE DESIGNAR, para o Cargo em Comiss\u00e3o de Coordenador Forma\u00e7\u00e3o e Avalia\u00e7\u00e3o &#8211; DANS, na Secretaria Municipal de Educa\u00e7\u00e3o &#8211; SEMECTI, a Sra. JOSEANA VIEIRA PESSOA VERAS"},"content":{"rendered":"","protected":false},"excerpt":{"rendered":"","protected":false},"author":6,"featured_media":0,"comment_status":"open","ping_status":"closed","sticky":false,"template":"","format":"standard","meta":{"_acf_changed":false,"footnotes":""},"categories":[4],"tags":[],"mes":[27],"ano":[22],"secretarias":[],"class_list":["post-10896","post","type-post","status-publish","format-standard","hentry","category-portarias","mes-abril","ano-22"],"acf":{"documento":"https:\/\/saobernardo.ma.gov.br\/transparencia\/wp-content\/uploads\/2022\/05\/PORTARIA-126-JOSEANA.pdf","link_csv":"","situacao_da_portaria":"ATIVA"},"_links":{"self":[{"href":"https:\/\/saobernardo.ma.gov.br\/transparencia\/wp-json\/wp\/v2\/posts\/10896","targetHints":{"allow":["GET"]}}],"collection":[{"href":"https:\/\/saobernardo.ma.gov.br\/transparencia\/wp-json\/wp\/v2\/posts"}],"about":[{"href":"https:\/\/saobernardo.ma.gov.br\/transparencia\/wp-json\/wp\/v2\/types\/post"}],"author":[{"embeddable":true,"href":"https:\/\/saobernardo.ma.gov.br\/transparencia\/wp-json\/wp\/v2\/users\/6"}],"replies":[{"embeddable":true,"href":"https:\/\/saobernardo.ma.gov.br\/transparencia\/wp-json\/wp\/v2\/comments?post=10896"}],"version-history":[{"count":2,"href":"https:\/\/saobernardo.ma.gov.br\/transparencia\/wp-json\/wp\/v2\/posts\/10896\/revisions"}],"predecessor-version":[{"id":11740,"href":"https:\/\/saobernardo.ma.gov.br\/transparencia\/wp-json\/wp\/v2\/posts\/10896\/revisions\/11740"}],"wp:attachment":[{"href":"https:\/\/saobernardo.ma.gov.br\/transparencia\/wp-json\/wp\/v2\/media?parent=10896"}],"wp:term":[{"taxonomy":"category","embeddable":true,"href":"https:\/\/saobernardo.ma.gov.br\/transparencia\/wp-json\/wp\/v2\/categories?post=10896"},{"taxonomy":"post_tag","embeddable":true,"href":"https:\/\/saobernardo.ma.gov.br\/transparencia\/wp-json\/wp\/v2\/tags?post=10896"},{"taxonomy":"mes","embeddable":true,"href":"https:\/\/saobernardo.ma.gov.br\/transparencia\/wp-json\/wp\/v2\/mes?post=10896"},{"taxonomy":"ano","embeddable":true,"href":"https:\/\/saobernardo.ma.gov.br\/transparencia\/wp-json\/wp\/v2\/ano?post=10896"},{"taxonomy":"secretarias","embeddable":true,"href":"https:\/\/saobernardo.ma.gov.br\/transparencia\/wp-json\/wp\/v2\/secretarias?post=10896"}],"curies":[{"name":"wp","href":"https:\/\/api.w.org\/{rel}","templated":true}]}}