 {"id":11049,"date":"2022-04-27T09:41:17","date_gmt":"2022-04-27T12:41:17","guid":{"rendered":"https:\/\/saobernardo.ma.gov.br\/transparencia\/?p=11049"},"modified":"2023-06-13T15:45:35","modified_gmt":"2023-06-13T18:45:35","slug":"portaria-no-170-de-27-de-abril-de-2022-dispoe-sobre-a-nomeacao-para-cargo-em-comissao-de-assessor-pedagogico-nivel-i-da-secretaria-municipal-de-educacao-e-da-outras-providencias","status":"publish","type":"post","link":"https:\/\/saobernardo.ma.gov.br\/transparencia\/portarias\/portaria-no-170-de-27-de-abril-de-2022-dispoe-sobre-a-nomeacao-para-cargo-em-comissao-de-assessor-pedagogico-nivel-i-da-secretaria-municipal-de-educacao-e-da-outras-providencias\/","title":{"rendered":"PORTARIA N\u00ba 170, DE 27 DE ABRIL DE 2022 &#8211; 31 de mar\u00e7o de 2022, RESOLVE NOMEAR, para o Cargo em Comiss\u00e3o de Assessor Pedag\u00f3gico N\u00edvel I \u2013 DANS, da Secretaria Municipal de Educa\u00e7\u00e3o &#8211; SEMECTI, a Sra. MARIANA DEBORA CLAUDIANO DO NASCIMENTO"},"content":{"rendered":"","protected":false},"excerpt":{"rendered":"","protected":false},"author":6,"featured_media":0,"comment_status":"open","ping_status":"closed","sticky":false,"template":"","format":"standard","meta":{"_acf_changed":false,"footnotes":""},"categories":[4],"tags":[],"mes":[27],"ano":[22],"secretarias":[],"class_list":["post-11049","post","type-post","status-publish","format-standard","hentry","category-portarias","mes-abril","ano-22"],"acf":{"documento":"https:\/\/saobernardo.ma.gov.br\/transparencia\/wp-content\/uploads\/2022\/05\/PORTARIA-170-MARIANA-DEBORA.pdf","link_csv":"","situacao_da_portaria":"ATIVA"},"_links":{"self":[{"href":"https:\/\/saobernardo.ma.gov.br\/transparencia\/wp-json\/wp\/v2\/posts\/11049","targetHints":{"allow":["GET"]}}],"collection":[{"href":"https:\/\/saobernardo.ma.gov.br\/transparencia\/wp-json\/wp\/v2\/posts"}],"about":[{"href":"https:\/\/saobernardo.ma.gov.br\/transparencia\/wp-json\/wp\/v2\/types\/post"}],"author":[{"embeddable":true,"href":"https:\/\/saobernardo.ma.gov.br\/transparencia\/wp-json\/wp\/v2\/users\/6"}],"replies":[{"embeddable":true,"href":"https:\/\/saobernardo.ma.gov.br\/transparencia\/wp-json\/wp\/v2\/comments?post=11049"}],"version-history":[{"count":2,"href":"https:\/\/saobernardo.ma.gov.br\/transparencia\/wp-json\/wp\/v2\/posts\/11049\/revisions"}],"predecessor-version":[{"id":11667,"href":"https:\/\/saobernardo.ma.gov.br\/transparencia\/wp-json\/wp\/v2\/posts\/11049\/revisions\/11667"}],"wp:attachment":[{"href":"https:\/\/saobernardo.ma.gov.br\/transparencia\/wp-json\/wp\/v2\/media?parent=11049"}],"wp:term":[{"taxonomy":"category","embeddable":true,"href":"https:\/\/saobernardo.ma.gov.br\/transparencia\/wp-json\/wp\/v2\/categories?post=11049"},{"taxonomy":"post_tag","embeddable":true,"href":"https:\/\/saobernardo.ma.gov.br\/transparencia\/wp-json\/wp\/v2\/tags?post=11049"},{"taxonomy":"mes","embeddable":true,"href":"https:\/\/saobernardo.ma.gov.br\/transparencia\/wp-json\/wp\/v2\/mes?post=11049"},{"taxonomy":"ano","embeddable":true,"href":"https:\/\/saobernardo.ma.gov.br\/transparencia\/wp-json\/wp\/v2\/ano?post=11049"},{"taxonomy":"secretarias","embeddable":true,"href":"https:\/\/saobernardo.ma.gov.br\/transparencia\/wp-json\/wp\/v2\/secretarias?post=11049"}],"curies":[{"name":"wp","href":"https:\/\/api.w.org\/{rel}","templated":true}]}}