 {"id":11346,"date":"2022-04-28T11:40:30","date_gmt":"2022-04-28T14:40:30","guid":{"rendered":"https:\/\/saobernardo.ma.gov.br\/transparencia\/?p=11346"},"modified":"2023-06-21T12:05:58","modified_gmt":"2023-06-21T15:05:58","slug":"portaria-no-258-de-27-de-abril-de-2022-dispoe-sobre-a-nomeacao-para-cargo-em-comissao-de-coordenador-de-gestao-e-fiscalizacao-ambiental-da-secretaria-municipal-do-meio-ambiente-e-da-ou","status":"publish","type":"post","link":"https:\/\/saobernardo.ma.gov.br\/transparencia\/portarias\/portaria-no-258-de-27-de-abril-de-2022-dispoe-sobre-a-nomeacao-para-cargo-em-comissao-de-coordenador-de-gestao-e-fiscalizacao-ambiental-da-secretaria-municipal-do-meio-ambiente-e-da-ou\/","title":{"rendered":"PORTARIA N\u00ba 258, DE 27 DE ABRIL DE 2022. RESOLVE NOMEAR, para o Cargo em Comiss\u00e3o de Coordenador de Gest\u00e3o e Fiscaliza\u00e7\u00e3o Ambiental \u2013 DANS, da Secretaria Municipal do Meio Ambiente, o Sr(a). EDIMILSON DE ALMEIDA LIMA J\u00daNIOR"},"content":{"rendered":"","protected":false},"excerpt":{"rendered":"","protected":false},"author":6,"featured_media":0,"comment_status":"open","ping_status":"closed","sticky":false,"template":"","format":"standard","meta":{"_acf_changed":false,"footnotes":""},"categories":[4],"tags":[],"mes":[27],"ano":[22],"secretarias":[],"class_list":["post-11346","post","type-post","status-publish","format-standard","hentry","category-portarias","mes-abril","ano-22"],"acf":{"documento":"https:\/\/saobernardo.ma.gov.br\/transparencia\/wp-content\/uploads\/2022\/05\/PORTARIA-No-258.pdf","link_csv":"","situacao_da_portaria":"ATIVA"},"_links":{"self":[{"href":"https:\/\/saobernardo.ma.gov.br\/transparencia\/wp-json\/wp\/v2\/posts\/11346","targetHints":{"allow":["GET"]}}],"collection":[{"href":"https:\/\/saobernardo.ma.gov.br\/transparencia\/wp-json\/wp\/v2\/posts"}],"about":[{"href":"https:\/\/saobernardo.ma.gov.br\/transparencia\/wp-json\/wp\/v2\/types\/post"}],"author":[{"embeddable":true,"href":"https:\/\/saobernardo.ma.gov.br\/transparencia\/wp-json\/wp\/v2\/users\/6"}],"replies":[{"embeddable":true,"href":"https:\/\/saobernardo.ma.gov.br\/transparencia\/wp-json\/wp\/v2\/comments?post=11346"}],"version-history":[{"count":3,"href":"https:\/\/saobernardo.ma.gov.br\/transparencia\/wp-json\/wp\/v2\/posts\/11346\/revisions"}],"predecessor-version":[{"id":11543,"href":"https:\/\/saobernardo.ma.gov.br\/transparencia\/wp-json\/wp\/v2\/posts\/11346\/revisions\/11543"}],"wp:attachment":[{"href":"https:\/\/saobernardo.ma.gov.br\/transparencia\/wp-json\/wp\/v2\/media?parent=11346"}],"wp:term":[{"taxonomy":"category","embeddable":true,"href":"https:\/\/saobernardo.ma.gov.br\/transparencia\/wp-json\/wp\/v2\/categories?post=11346"},{"taxonomy":"post_tag","embeddable":true,"href":"https:\/\/saobernardo.ma.gov.br\/transparencia\/wp-json\/wp\/v2\/tags?post=11346"},{"taxonomy":"mes","embeddable":true,"href":"https:\/\/saobernardo.ma.gov.br\/transparencia\/wp-json\/wp\/v2\/mes?post=11346"},{"taxonomy":"ano","embeddable":true,"href":"https:\/\/saobernardo.ma.gov.br\/transparencia\/wp-json\/wp\/v2\/ano?post=11346"},{"taxonomy":"secretarias","embeddable":true,"href":"https:\/\/saobernardo.ma.gov.br\/transparencia\/wp-json\/wp\/v2\/secretarias?post=11346"}],"curies":[{"name":"wp","href":"https:\/\/api.w.org\/{rel}","templated":true}]}}