 {"id":11360,"date":"2022-04-28T12:04:30","date_gmt":"2022-04-28T15:04:30","guid":{"rendered":"https:\/\/saobernardo.ma.gov.br\/transparencia\/?p=11360"},"modified":"2023-06-21T12:04:45","modified_gmt":"2023-06-21T15:04:45","slug":"portaria-no-262-de-08-de-abril-de-2022-dispoe-sobre-a-nomeacao-para-o-cargo-em-comissao-interina-de-coordenadora-de-recursos-humanos-da-secretaria-municipal-de-gestao-e-da-outras-prov","status":"publish","type":"post","link":"https:\/\/saobernardo.ma.gov.br\/transparencia\/portarias\/portaria-no-262-de-08-de-abril-de-2022-dispoe-sobre-a-nomeacao-para-o-cargo-em-comissao-interina-de-coordenadora-de-recursos-humanos-da-secretaria-municipal-de-gestao-e-da-outras-prov\/","title":{"rendered":"PORTARIA N\u00ba 262, DE 08 DE ABRIL DE 2022 &#8211; RESOLVE NOMEAR, INTERINAMENTE, para o Cargo em Comiss\u00e3o de Coordenador(a) de Recursos Humanos &#8211; DANS, da Secretaria Municipal de Gest\u00e3o, a Sra. TH\u00c1TILA COSTA DOS SANTOS LIMA"},"content":{"rendered":"","protected":false},"excerpt":{"rendered":"","protected":false},"author":6,"featured_media":0,"comment_status":"open","ping_status":"closed","sticky":false,"template":"","format":"standard","meta":{"_acf_changed":false,"footnotes":""},"categories":[4],"tags":[],"mes":[27],"ano":[22],"secretarias":[],"class_list":["post-11360","post","type-post","status-publish","format-standard","hentry","category-portarias","mes-abril","ano-22"],"acf":{"documento":"https:\/\/saobernardo.ma.gov.br\/transparencia\/wp-content\/uploads\/2022\/05\/PORTARIA-262-RH-GESTAO.pdf","link_csv":"","situacao_da_portaria":"ATIVA"},"_links":{"self":[{"href":"https:\/\/saobernardo.ma.gov.br\/transparencia\/wp-json\/wp\/v2\/posts\/11360","targetHints":{"allow":["GET"]}}],"collection":[{"href":"https:\/\/saobernardo.ma.gov.br\/transparencia\/wp-json\/wp\/v2\/posts"}],"about":[{"href":"https:\/\/saobernardo.ma.gov.br\/transparencia\/wp-json\/wp\/v2\/types\/post"}],"author":[{"embeddable":true,"href":"https:\/\/saobernardo.ma.gov.br\/transparencia\/wp-json\/wp\/v2\/users\/6"}],"replies":[{"embeddable":true,"href":"https:\/\/saobernardo.ma.gov.br\/transparencia\/wp-json\/wp\/v2\/comments?post=11360"}],"version-history":[{"count":3,"href":"https:\/\/saobernardo.ma.gov.br\/transparencia\/wp-json\/wp\/v2\/posts\/11360\/revisions"}],"predecessor-version":[{"id":11535,"href":"https:\/\/saobernardo.ma.gov.br\/transparencia\/wp-json\/wp\/v2\/posts\/11360\/revisions\/11535"}],"wp:attachment":[{"href":"https:\/\/saobernardo.ma.gov.br\/transparencia\/wp-json\/wp\/v2\/media?parent=11360"}],"wp:term":[{"taxonomy":"category","embeddable":true,"href":"https:\/\/saobernardo.ma.gov.br\/transparencia\/wp-json\/wp\/v2\/categories?post=11360"},{"taxonomy":"post_tag","embeddable":true,"href":"https:\/\/saobernardo.ma.gov.br\/transparencia\/wp-json\/wp\/v2\/tags?post=11360"},{"taxonomy":"mes","embeddable":true,"href":"https:\/\/saobernardo.ma.gov.br\/transparencia\/wp-json\/wp\/v2\/mes?post=11360"},{"taxonomy":"ano","embeddable":true,"href":"https:\/\/saobernardo.ma.gov.br\/transparencia\/wp-json\/wp\/v2\/ano?post=11360"},{"taxonomy":"secretarias","embeddable":true,"href":"https:\/\/saobernardo.ma.gov.br\/transparencia\/wp-json\/wp\/v2\/secretarias?post=11360"}],"curies":[{"name":"wp","href":"https:\/\/api.w.org\/{rel}","templated":true}]}}