 {"id":11689,"date":"2022-05-23T10:54:58","date_gmt":"2022-05-23T13:54:58","guid":{"rendered":"https:\/\/saobernardo.ma.gov.br\/transparencia\/?p=11689"},"modified":"2023-06-21T11:56:00","modified_gmt":"2023-06-21T14:56:00","slug":"portaria-no-291-de-19-de-maio-de-2022-resolve-nomear-para-o-cargo-em-comissao-de-assessor-pedagogico-nivel-iii-dai-da-secretaria-municipal-de-educacao-semecti-a-sra-anna-beatriz-de","status":"publish","type":"post","link":"https:\/\/saobernardo.ma.gov.br\/transparencia\/portarias\/portaria-no-291-de-19-de-maio-de-2022-resolve-nomear-para-o-cargo-em-comissao-de-assessor-pedagogico-nivel-iii-dai-da-secretaria-municipal-de-educacao-semecti-a-sra-anna-beatriz-de\/","title":{"rendered":"PORTARIA N\u00ba 291, DE 19 DE MAIO DE 2022 &#8211; RESOLVE NOMEAR, para o Cargo em Comiss\u00e3o de Assessor Pedag\u00f3gico N\u00edvel III \u2013 DAI, da Secretaria Municipal de Educa\u00e7\u00e3o &#8211; SEMECTI, a Sra. ANNA BEATRIZ DE ARA\u00daJO BACELAR LE\u00c3O"},"content":{"rendered":"","protected":false},"excerpt":{"rendered":"","protected":false},"author":6,"featured_media":0,"comment_status":"open","ping_status":"closed","sticky":false,"template":"","format":"standard","meta":{"_acf_changed":false,"footnotes":""},"categories":[4],"tags":[],"mes":[28],"ano":[22],"secretarias":[],"class_list":["post-11689","post","type-post","status-publish","format-standard","hentry","category-portarias","mes-maio","ano-22"],"acf":{"documento":"https:\/\/saobernardo.ma.gov.br\/transparencia\/wp-content\/uploads\/2022\/05\/PORTARIA-291-ANNA-BEATRIZ.pdf","situacao_da_portaria":"ATIVA","link_csv":""},"_links":{"self":[{"href":"https:\/\/saobernardo.ma.gov.br\/transparencia\/wp-json\/wp\/v2\/posts\/11689","targetHints":{"allow":["GET"]}}],"collection":[{"href":"https:\/\/saobernardo.ma.gov.br\/transparencia\/wp-json\/wp\/v2\/posts"}],"about":[{"href":"https:\/\/saobernardo.ma.gov.br\/transparencia\/wp-json\/wp\/v2\/types\/post"}],"author":[{"embeddable":true,"href":"https:\/\/saobernardo.ma.gov.br\/transparencia\/wp-json\/wp\/v2\/users\/6"}],"replies":[{"embeddable":true,"href":"https:\/\/saobernardo.ma.gov.br\/transparencia\/wp-json\/wp\/v2\/comments?post=11689"}],"version-history":[{"count":1,"href":"https:\/\/saobernardo.ma.gov.br\/transparencia\/wp-json\/wp\/v2\/posts\/11689\/revisions"}],"predecessor-version":[{"id":11691,"href":"https:\/\/saobernardo.ma.gov.br\/transparencia\/wp-json\/wp\/v2\/posts\/11689\/revisions\/11691"}],"wp:attachment":[{"href":"https:\/\/saobernardo.ma.gov.br\/transparencia\/wp-json\/wp\/v2\/media?parent=11689"}],"wp:term":[{"taxonomy":"category","embeddable":true,"href":"https:\/\/saobernardo.ma.gov.br\/transparencia\/wp-json\/wp\/v2\/categories?post=11689"},{"taxonomy":"post_tag","embeddable":true,"href":"https:\/\/saobernardo.ma.gov.br\/transparencia\/wp-json\/wp\/v2\/tags?post=11689"},{"taxonomy":"mes","embeddable":true,"href":"https:\/\/saobernardo.ma.gov.br\/transparencia\/wp-json\/wp\/v2\/mes?post=11689"},{"taxonomy":"ano","embeddable":true,"href":"https:\/\/saobernardo.ma.gov.br\/transparencia\/wp-json\/wp\/v2\/ano?post=11689"},{"taxonomy":"secretarias","embeddable":true,"href":"https:\/\/saobernardo.ma.gov.br\/transparencia\/wp-json\/wp\/v2\/secretarias?post=11689"}],"curies":[{"name":"wp","href":"https:\/\/api.w.org\/{rel}","templated":true}]}}