 {"id":1207,"date":"2019-06-04T17:09:24","date_gmt":"2019-06-04T20:09:24","guid":{"rendered":"http:\/\/saobernardo.ma.gov.br\/gestaopublica\/?p=1207"},"modified":"2023-06-22T09:00:28","modified_gmt":"2023-06-22T12:00:28","slug":"portaria-409-de-04-de-junho-de-2019-exoneracao-cargo-em-comissao-de-supervisor-pedagogico-da-semecti-municipal","status":"publish","type":"post","link":"https:\/\/saobernardo.ma.gov.br\/transparencia\/portarias\/portaria-409-de-04-de-junho-de-2019-exoneracao-cargo-em-comissao-de-supervisor-pedagogico-da-semecti-municipal\/","title":{"rendered":"Portaria 409, de 04 de junho de 2019 exonera\u00e7\u00e3o cargo em comiss\u00e3o de supervisor pedag\u00f3gico da semecti municipal"},"content":{"rendered":"<p><a <a href=\"http:\/\/saobernardo.ma.gov.br\/transparencia\/wp-content\/uploads\/2019\/06\/Portaria-409-de-04-de-junho-de-2019-exonera\u00e7\u00e3o-cargo-em-comiss\u00e3o-de-supervisor-pedag\u00f3gico-da-semecti-municipal.pdf\" target=\"_blank\">download\u00a0<\/a><\/p>\n","protected":false},"excerpt":{"rendered":"","protected":false},"author":2,"featured_media":0,"comment_status":"open","ping_status":"closed","sticky":false,"template":"","format":"standard","meta":{"_acf_changed":false,"footnotes":""},"categories":[4],"tags":[],"mes":[29],"ano":[37],"secretarias":[],"class_list":["post-1207","post","type-post","status-publish","format-standard","hentry","category-portarias","mes-junho","ano-37"],"acf":{"link_csv":"http:\/\/saobernardo.ma.gov.br\/transparencia\/wp-content\/uploads\/2019\/06\/Portaria-409-de-04-de-junho-de-2019-exonera\u00e7\u00e3o-cargo-em-comiss\u00e3o-de-supervisor-pedag\u00f3gico-da-semecti-municipal.pdf"},"_links":{"self":[{"href":"https:\/\/saobernardo.ma.gov.br\/transparencia\/wp-json\/wp\/v2\/posts\/1207","targetHints":{"allow":["GET"]}}],"collection":[{"href":"https:\/\/saobernardo.ma.gov.br\/transparencia\/wp-json\/wp\/v2\/posts"}],"about":[{"href":"https:\/\/saobernardo.ma.gov.br\/transparencia\/wp-json\/wp\/v2\/types\/post"}],"author":[{"embeddable":true,"href":"https:\/\/saobernardo.ma.gov.br\/transparencia\/wp-json\/wp\/v2\/users\/2"}],"replies":[{"embeddable":true,"href":"https:\/\/saobernardo.ma.gov.br\/transparencia\/wp-json\/wp\/v2\/comments?post=1207"}],"version-history":[{"count":1,"href":"https:\/\/saobernardo.ma.gov.br\/transparencia\/wp-json\/wp\/v2\/posts\/1207\/revisions"}],"predecessor-version":[{"id":1209,"href":"https:\/\/saobernardo.ma.gov.br\/transparencia\/wp-json\/wp\/v2\/posts\/1207\/revisions\/1209"}],"wp:attachment":[{"href":"https:\/\/saobernardo.ma.gov.br\/transparencia\/wp-json\/wp\/v2\/media?parent=1207"}],"wp:term":[{"taxonomy":"category","embeddable":true,"href":"https:\/\/saobernardo.ma.gov.br\/transparencia\/wp-json\/wp\/v2\/categories?post=1207"},{"taxonomy":"post_tag","embeddable":true,"href":"https:\/\/saobernardo.ma.gov.br\/transparencia\/wp-json\/wp\/v2\/tags?post=1207"},{"taxonomy":"mes","embeddable":true,"href":"https:\/\/saobernardo.ma.gov.br\/transparencia\/wp-json\/wp\/v2\/mes?post=1207"},{"taxonomy":"ano","embeddable":true,"href":"https:\/\/saobernardo.ma.gov.br\/transparencia\/wp-json\/wp\/v2\/ano?post=1207"},{"taxonomy":"secretarias","embeddable":true,"href":"https:\/\/saobernardo.ma.gov.br\/transparencia\/wp-json\/wp\/v2\/secretarias?post=1207"}],"curies":[{"name":"wp","href":"https:\/\/api.w.org\/{rel}","templated":true}]}}