 {"id":12083,"date":"2022-06-07T09:53:29","date_gmt":"2022-06-07T12:53:29","guid":{"rendered":"https:\/\/saobernardo.ma.gov.br\/transparencia\/?p=12083"},"modified":"2023-06-21T11:51:33","modified_gmt":"2023-06-21T14:51:33","slug":"portaria-no-308-de-06-de-junho-de-2022-resolve-nomear-para-o-cargo-em-comissao-de-assessor-juridico-das-da-secretaria-municipal-de-juventude-mulheres-e-minorias-o-sr-eder-oliveira-ferreira","status":"publish","type":"post","link":"https:\/\/saobernardo.ma.gov.br\/transparencia\/portarias\/portaria-no-308-de-06-de-junho-de-2022-resolve-nomear-para-o-cargo-em-comissao-de-assessor-juridico-das-da-secretaria-municipal-de-juventude-mulheres-e-minorias-o-sr-eder-oliveira-ferreira\/","title":{"rendered":"PORTARIA N\u00ba 308, DE 06 DE JUNHO DE 2022 &#8211; RESOLVE NOMEAR, para o Cargo em Comiss\u00e3o de Assessor Jur\u00eddico &#8211; DAS, da Secretaria Municipal de Juventude, Mulheres e Minorias, o Sr. \u00c9der Oliveira  Ferreira de Sousa"},"content":{"rendered":"","protected":false},"excerpt":{"rendered":"","protected":false},"author":6,"featured_media":0,"comment_status":"open","ping_status":"closed","sticky":false,"template":"","format":"standard","meta":{"_acf_changed":false,"footnotes":""},"categories":[4],"tags":[],"mes":[29],"ano":[22],"secretarias":[],"class_list":["post-12083","post","type-post","status-publish","format-standard","hentry","category-portarias","mes-junho","ano-22"],"acf":{"documento":"https:\/\/saobernardo.ma.gov.br\/transparencia\/wp-content\/uploads\/2022\/06\/PORTARIA-308-EDER.pdf","situacao_da_portaria":"ATIVA","link_csv":""},"_links":{"self":[{"href":"https:\/\/saobernardo.ma.gov.br\/transparencia\/wp-json\/wp\/v2\/posts\/12083","targetHints":{"allow":["GET"]}}],"collection":[{"href":"https:\/\/saobernardo.ma.gov.br\/transparencia\/wp-json\/wp\/v2\/posts"}],"about":[{"href":"https:\/\/saobernardo.ma.gov.br\/transparencia\/wp-json\/wp\/v2\/types\/post"}],"author":[{"embeddable":true,"href":"https:\/\/saobernardo.ma.gov.br\/transparencia\/wp-json\/wp\/v2\/users\/6"}],"replies":[{"embeddable":true,"href":"https:\/\/saobernardo.ma.gov.br\/transparencia\/wp-json\/wp\/v2\/comments?post=12083"}],"version-history":[{"count":1,"href":"https:\/\/saobernardo.ma.gov.br\/transparencia\/wp-json\/wp\/v2\/posts\/12083\/revisions"}],"predecessor-version":[{"id":12085,"href":"https:\/\/saobernardo.ma.gov.br\/transparencia\/wp-json\/wp\/v2\/posts\/12083\/revisions\/12085"}],"wp:attachment":[{"href":"https:\/\/saobernardo.ma.gov.br\/transparencia\/wp-json\/wp\/v2\/media?parent=12083"}],"wp:term":[{"taxonomy":"category","embeddable":true,"href":"https:\/\/saobernardo.ma.gov.br\/transparencia\/wp-json\/wp\/v2\/categories?post=12083"},{"taxonomy":"post_tag","embeddable":true,"href":"https:\/\/saobernardo.ma.gov.br\/transparencia\/wp-json\/wp\/v2\/tags?post=12083"},{"taxonomy":"mes","embeddable":true,"href":"https:\/\/saobernardo.ma.gov.br\/transparencia\/wp-json\/wp\/v2\/mes?post=12083"},{"taxonomy":"ano","embeddable":true,"href":"https:\/\/saobernardo.ma.gov.br\/transparencia\/wp-json\/wp\/v2\/ano?post=12083"},{"taxonomy":"secretarias","embeddable":true,"href":"https:\/\/saobernardo.ma.gov.br\/transparencia\/wp-json\/wp\/v2\/secretarias?post=12083"}],"curies":[{"name":"wp","href":"https:\/\/api.w.org\/{rel}","templated":true}]}}