 {"id":12368,"date":"2022-06-30T14:06:21","date_gmt":"2022-06-30T17:06:21","guid":{"rendered":"https:\/\/saobernardo.ma.gov.br\/transparencia\/?p=12368"},"modified":"2023-06-21T11:47:12","modified_gmt":"2023-06-21T14:47:12","slug":"portaria-no330-de-30-de-junho-de-2022-resolve-exonerar-do-cargo-em-comissao-de-coordenador-da-gestao-suas-da-atencao-social-e-basica-dans-da-secretaria-municipal-de-assistencia-social","status":"publish","type":"post","link":"https:\/\/saobernardo.ma.gov.br\/transparencia\/portarias\/portaria-no330-de-30-de-junho-de-2022-resolve-exonerar-do-cargo-em-comissao-de-coordenador-da-gestao-suas-da-atencao-social-e-basica-dans-da-secretaria-municipal-de-assistencia-social\/","title":{"rendered":"PORTARIA N\u00ba330, DE 30 DE JUNHO DE 2022 &#8211; RESOLVE EXONERAR, do Cargo em Comiss\u00e3o de Coordenador da Gest\u00e3o Suas da Aten\u00e7\u00e3o Social e B\u00e1sica \u2013 DANS, da Secretaria Municipal de Assist\u00eancia Social, a Sra. EDILA COSTA CARVALHO"},"content":{"rendered":"","protected":false},"excerpt":{"rendered":"","protected":false},"author":6,"featured_media":0,"comment_status":"open","ping_status":"closed","sticky":false,"template":"","format":"standard","meta":{"_acf_changed":false,"footnotes":""},"categories":[4],"tags":[],"mes":[29],"ano":[22],"secretarias":[],"class_list":["post-12368","post","type-post","status-publish","format-standard","hentry","category-portarias","mes-junho","ano-22"],"acf":{"documento":"https:\/\/saobernardo.ma.gov.br\/transparencia\/wp-content\/uploads\/2022\/06\/PORTARIA-No330.pdf","situacao_da_portaria":"ATIVA","link_csv":""},"_links":{"self":[{"href":"https:\/\/saobernardo.ma.gov.br\/transparencia\/wp-json\/wp\/v2\/posts\/12368","targetHints":{"allow":["GET"]}}],"collection":[{"href":"https:\/\/saobernardo.ma.gov.br\/transparencia\/wp-json\/wp\/v2\/posts"}],"about":[{"href":"https:\/\/saobernardo.ma.gov.br\/transparencia\/wp-json\/wp\/v2\/types\/post"}],"author":[{"embeddable":true,"href":"https:\/\/saobernardo.ma.gov.br\/transparencia\/wp-json\/wp\/v2\/users\/6"}],"replies":[{"embeddable":true,"href":"https:\/\/saobernardo.ma.gov.br\/transparencia\/wp-json\/wp\/v2\/comments?post=12368"}],"version-history":[{"count":1,"href":"https:\/\/saobernardo.ma.gov.br\/transparencia\/wp-json\/wp\/v2\/posts\/12368\/revisions"}],"predecessor-version":[{"id":12370,"href":"https:\/\/saobernardo.ma.gov.br\/transparencia\/wp-json\/wp\/v2\/posts\/12368\/revisions\/12370"}],"wp:attachment":[{"href":"https:\/\/saobernardo.ma.gov.br\/transparencia\/wp-json\/wp\/v2\/media?parent=12368"}],"wp:term":[{"taxonomy":"category","embeddable":true,"href":"https:\/\/saobernardo.ma.gov.br\/transparencia\/wp-json\/wp\/v2\/categories?post=12368"},{"taxonomy":"post_tag","embeddable":true,"href":"https:\/\/saobernardo.ma.gov.br\/transparencia\/wp-json\/wp\/v2\/tags?post=12368"},{"taxonomy":"mes","embeddable":true,"href":"https:\/\/saobernardo.ma.gov.br\/transparencia\/wp-json\/wp\/v2\/mes?post=12368"},{"taxonomy":"ano","embeddable":true,"href":"https:\/\/saobernardo.ma.gov.br\/transparencia\/wp-json\/wp\/v2\/ano?post=12368"},{"taxonomy":"secretarias","embeddable":true,"href":"https:\/\/saobernardo.ma.gov.br\/transparencia\/wp-json\/wp\/v2\/secretarias?post=12368"}],"curies":[{"name":"wp","href":"https:\/\/api.w.org\/{rel}","templated":true}]}}