 {"id":12378,"date":"2022-07-01T16:36:23","date_gmt":"2022-07-01T19:36:23","guid":{"rendered":"https:\/\/saobernardo.ma.gov.br\/transparencia\/?p=12378"},"modified":"2023-10-27T14:33:42","modified_gmt":"2023-10-27T17:33:42","slug":"portaria-no-332-de-01-de-julho-de-2022-resolve-nomear-interinamente-para-o-cargo-em-comissao-interina-de-coordenadora-da-gestao-suas-da-atencao-social-e-basica-dans-da-secretaria-municipal-de-a","status":"publish","type":"post","link":"https:\/\/saobernardo.ma.gov.br\/transparencia\/portarias\/portaria-no-332-de-01-de-julho-de-2022-resolve-nomear-interinamente-para-o-cargo-em-comissao-interina-de-coordenadora-da-gestao-suas-da-atencao-social-e-basica-dans-da-secretaria-municipal-de-a\/","title":{"rendered":"PORTARIA N\u00ba 332, DE 01 DE JULHO DE 2022 &#8211; RESOLVE NOMEAR INTERINAMENTE, para o Cargo em Comiss\u00e3o Interina de Coordenadora da Gest\u00e3o Suas da Aten\u00e7\u00e3o Social e B\u00e1sica &#8211; DANS, da Secretaria Municipal de Assist\u00eancia Social, a Sra. EDLA COSTA CARVALHO MAGALH\u00c3ES"},"content":{"rendered":"","protected":false},"excerpt":{"rendered":"","protected":false},"author":6,"featured_media":0,"comment_status":"open","ping_status":"closed","sticky":false,"template":"","format":"standard","meta":{"_acf_changed":false,"footnotes":""},"categories":[4],"tags":[],"mes":[30],"ano":[22],"secretarias":[],"class_list":["post-12378","post","type-post","status-publish","format-standard","hentry","category-portarias","mes-julho","ano-22"],"acf":{"documento":"https:\/\/saobernardo.ma.gov.br\/transparencia\/wp-content\/uploads\/2022\/07\/PORTARIA-No-332-1-1.pdf","situacao_da_portaria":"ATIVA","link_csv":""},"_links":{"self":[{"href":"https:\/\/saobernardo.ma.gov.br\/transparencia\/wp-json\/wp\/v2\/posts\/12378","targetHints":{"allow":["GET"]}}],"collection":[{"href":"https:\/\/saobernardo.ma.gov.br\/transparencia\/wp-json\/wp\/v2\/posts"}],"about":[{"href":"https:\/\/saobernardo.ma.gov.br\/transparencia\/wp-json\/wp\/v2\/types\/post"}],"author":[{"embeddable":true,"href":"https:\/\/saobernardo.ma.gov.br\/transparencia\/wp-json\/wp\/v2\/users\/6"}],"replies":[{"embeddable":true,"href":"https:\/\/saobernardo.ma.gov.br\/transparencia\/wp-json\/wp\/v2\/comments?post=12378"}],"version-history":[{"count":4,"href":"https:\/\/saobernardo.ma.gov.br\/transparencia\/wp-json\/wp\/v2\/posts\/12378\/revisions"}],"predecessor-version":[{"id":16128,"href":"https:\/\/saobernardo.ma.gov.br\/transparencia\/wp-json\/wp\/v2\/posts\/12378\/revisions\/16128"}],"wp:attachment":[{"href":"https:\/\/saobernardo.ma.gov.br\/transparencia\/wp-json\/wp\/v2\/media?parent=12378"}],"wp:term":[{"taxonomy":"category","embeddable":true,"href":"https:\/\/saobernardo.ma.gov.br\/transparencia\/wp-json\/wp\/v2\/categories?post=12378"},{"taxonomy":"post_tag","embeddable":true,"href":"https:\/\/saobernardo.ma.gov.br\/transparencia\/wp-json\/wp\/v2\/tags?post=12378"},{"taxonomy":"mes","embeddable":true,"href":"https:\/\/saobernardo.ma.gov.br\/transparencia\/wp-json\/wp\/v2\/mes?post=12378"},{"taxonomy":"ano","embeddable":true,"href":"https:\/\/saobernardo.ma.gov.br\/transparencia\/wp-json\/wp\/v2\/ano?post=12378"},{"taxonomy":"secretarias","embeddable":true,"href":"https:\/\/saobernardo.ma.gov.br\/transparencia\/wp-json\/wp\/v2\/secretarias?post=12378"}],"curies":[{"name":"wp","href":"https:\/\/api.w.org\/{rel}","templated":true}]}}