 {"id":12512,"date":"2022-07-22T09:50:54","date_gmt":"2022-07-22T12:50:54","guid":{"rendered":"https:\/\/saobernardo.ma.gov.br\/transparencia\/?p=12512"},"modified":"2023-06-15T11:09:36","modified_gmt":"2023-06-15T14:09:36","slug":"portaria-no-340-de-21-de-julho-de-2022-resolve-nomear-para-o-cargo-em-comissao-de-assessor-tecnico-administrativo-dai-i-da-secretaria-municipal-de-gestao-o-sr-jakson-da-conceicao-da-s","status":"publish","type":"post","link":"https:\/\/saobernardo.ma.gov.br\/transparencia\/portarias\/portaria-no-340-de-21-de-julho-de-2022-resolve-nomear-para-o-cargo-em-comissao-de-assessor-tecnico-administrativo-dai-i-da-secretaria-municipal-de-gestao-o-sr-jakson-da-conceicao-da-s\/","title":{"rendered":"PORTARIA N\u00ba 340, DE 21 DE JULHO DE 2022 &#8211; RESOLVE NOMEAR, para o Cargo em Comiss\u00e3o de Assessor T\u00e9cnico Administrativo DAI \u2013 I, da Secretaria Municipal de Gest\u00e3o, o Sr. JAKSON DA CONCEI\u00c7\u00c3O DA SILVA"},"content":{"rendered":"","protected":false},"excerpt":{"rendered":"","protected":false},"author":6,"featured_media":0,"comment_status":"open","ping_status":"closed","sticky":false,"template":"","format":"standard","meta":{"_acf_changed":false,"footnotes":""},"categories":[4],"tags":[],"mes":[30],"ano":[22],"secretarias":[],"class_list":["post-12512","post","type-post","status-publish","format-standard","hentry","category-portarias","mes-julho","ano-22"],"acf":{"documento":"https:\/\/saobernardo.ma.gov.br\/transparencia\/wp-content\/uploads\/2022\/07\/PORTARIA-No-340.pdf","situacao_da_portaria":"ATIVA","link_csv":""},"_links":{"self":[{"href":"https:\/\/saobernardo.ma.gov.br\/transparencia\/wp-json\/wp\/v2\/posts\/12512","targetHints":{"allow":["GET"]}}],"collection":[{"href":"https:\/\/saobernardo.ma.gov.br\/transparencia\/wp-json\/wp\/v2\/posts"}],"about":[{"href":"https:\/\/saobernardo.ma.gov.br\/transparencia\/wp-json\/wp\/v2\/types\/post"}],"author":[{"embeddable":true,"href":"https:\/\/saobernardo.ma.gov.br\/transparencia\/wp-json\/wp\/v2\/users\/6"}],"replies":[{"embeddable":true,"href":"https:\/\/saobernardo.ma.gov.br\/transparencia\/wp-json\/wp\/v2\/comments?post=12512"}],"version-history":[{"count":2,"href":"https:\/\/saobernardo.ma.gov.br\/transparencia\/wp-json\/wp\/v2\/posts\/12512\/revisions"}],"predecessor-version":[{"id":12516,"href":"https:\/\/saobernardo.ma.gov.br\/transparencia\/wp-json\/wp\/v2\/posts\/12512\/revisions\/12516"}],"wp:attachment":[{"href":"https:\/\/saobernardo.ma.gov.br\/transparencia\/wp-json\/wp\/v2\/media?parent=12512"}],"wp:term":[{"taxonomy":"category","embeddable":true,"href":"https:\/\/saobernardo.ma.gov.br\/transparencia\/wp-json\/wp\/v2\/categories?post=12512"},{"taxonomy":"post_tag","embeddable":true,"href":"https:\/\/saobernardo.ma.gov.br\/transparencia\/wp-json\/wp\/v2\/tags?post=12512"},{"taxonomy":"mes","embeddable":true,"href":"https:\/\/saobernardo.ma.gov.br\/transparencia\/wp-json\/wp\/v2\/mes?post=12512"},{"taxonomy":"ano","embeddable":true,"href":"https:\/\/saobernardo.ma.gov.br\/transparencia\/wp-json\/wp\/v2\/ano?post=12512"},{"taxonomy":"secretarias","embeddable":true,"href":"https:\/\/saobernardo.ma.gov.br\/transparencia\/wp-json\/wp\/v2\/secretarias?post=12512"}],"curies":[{"name":"wp","href":"https:\/\/api.w.org\/{rel}","templated":true}]}}