 {"id":12550,"date":"2022-07-22T10:18:45","date_gmt":"2022-07-22T13:18:45","guid":{"rendered":"https:\/\/saobernardo.ma.gov.br\/transparencia\/?p=12550"},"modified":"2023-06-15T11:07:56","modified_gmt":"2023-06-15T14:07:56","slug":"portaria-no-352-de-21-de-julho-de-2022-resolve-nomear-para-o-cargo-em-comissao-de-coordenador-de-comunicacao-dans-da-secretaria-municipal-de-comunicacao-e-cultura-o-sr-francisco-das-c","status":"publish","type":"post","link":"https:\/\/saobernardo.ma.gov.br\/transparencia\/portarias\/portaria-no-352-de-21-de-julho-de-2022-resolve-nomear-para-o-cargo-em-comissao-de-coordenador-de-comunicacao-dans-da-secretaria-municipal-de-comunicacao-e-cultura-o-sr-francisco-das-c\/","title":{"rendered":"PORTARIA N\u00ba 352, DE 21 DE JULHO DE 2022 &#8211; RESOLVE NOMEAR, para o Cargo em Comiss\u00e3o de Coordenador de Comunica\u00e7\u00e3o \u2013 DANS, da Secretaria Municipal de Comunica\u00e7\u00e3o e Cultura, o Sr. FRANCISCO DAS CHAGAS COSTA ALMEIDA"},"content":{"rendered":"","protected":false},"excerpt":{"rendered":"","protected":false},"author":6,"featured_media":0,"comment_status":"open","ping_status":"closed","sticky":false,"template":"","format":"standard","meta":{"_acf_changed":false,"footnotes":""},"categories":[4],"tags":[],"mes":[30],"ano":[22],"secretarias":[],"class_list":["post-12550","post","type-post","status-publish","format-standard","hentry","category-portarias","mes-julho","ano-22"],"acf":{"documento":"https:\/\/saobernardo.ma.gov.br\/transparencia\/wp-content\/uploads\/2022\/07\/PORTARIA-No-352.pdf","situacao_da_portaria":"ATIVA","link_csv":""},"_links":{"self":[{"href":"https:\/\/saobernardo.ma.gov.br\/transparencia\/wp-json\/wp\/v2\/posts\/12550","targetHints":{"allow":["GET"]}}],"collection":[{"href":"https:\/\/saobernardo.ma.gov.br\/transparencia\/wp-json\/wp\/v2\/posts"}],"about":[{"href":"https:\/\/saobernardo.ma.gov.br\/transparencia\/wp-json\/wp\/v2\/types\/post"}],"author":[{"embeddable":true,"href":"https:\/\/saobernardo.ma.gov.br\/transparencia\/wp-json\/wp\/v2\/users\/6"}],"replies":[{"embeddable":true,"href":"https:\/\/saobernardo.ma.gov.br\/transparencia\/wp-json\/wp\/v2\/comments?post=12550"}],"version-history":[{"count":1,"href":"https:\/\/saobernardo.ma.gov.br\/transparencia\/wp-json\/wp\/v2\/posts\/12550\/revisions"}],"predecessor-version":[{"id":12552,"href":"https:\/\/saobernardo.ma.gov.br\/transparencia\/wp-json\/wp\/v2\/posts\/12550\/revisions\/12552"}],"wp:attachment":[{"href":"https:\/\/saobernardo.ma.gov.br\/transparencia\/wp-json\/wp\/v2\/media?parent=12550"}],"wp:term":[{"taxonomy":"category","embeddable":true,"href":"https:\/\/saobernardo.ma.gov.br\/transparencia\/wp-json\/wp\/v2\/categories?post=12550"},{"taxonomy":"post_tag","embeddable":true,"href":"https:\/\/saobernardo.ma.gov.br\/transparencia\/wp-json\/wp\/v2\/tags?post=12550"},{"taxonomy":"mes","embeddable":true,"href":"https:\/\/saobernardo.ma.gov.br\/transparencia\/wp-json\/wp\/v2\/mes?post=12550"},{"taxonomy":"ano","embeddable":true,"href":"https:\/\/saobernardo.ma.gov.br\/transparencia\/wp-json\/wp\/v2\/ano?post=12550"},{"taxonomy":"secretarias","embeddable":true,"href":"https:\/\/saobernardo.ma.gov.br\/transparencia\/wp-json\/wp\/v2\/secretarias?post=12550"}],"curies":[{"name":"wp","href":"https:\/\/api.w.org\/{rel}","templated":true}]}}