 {"id":12556,"date":"2022-07-22T10:22:42","date_gmt":"2022-07-22T13:22:42","guid":{"rendered":"https:\/\/saobernardo.ma.gov.br\/transparencia\/?p=12556"},"modified":"2023-06-15T11:07:39","modified_gmt":"2023-06-15T14:07:39","slug":"portaria-no-354-de-21-de-julho-de-2022-resolve-nomear-para-o-cargo-em-comissao-de-chefe-do-departamento-do-diario-oficial-do-municipio-das-da-secretaria-municipal-de-comunicacao-e-cultu","status":"publish","type":"post","link":"https:\/\/saobernardo.ma.gov.br\/transparencia\/portarias\/portaria-no-354-de-21-de-julho-de-2022-resolve-nomear-para-o-cargo-em-comissao-de-chefe-do-departamento-do-diario-oficial-do-municipio-das-da-secretaria-municipal-de-comunicacao-e-cultu\/","title":{"rendered":"PORTARIA N\u00ba 354, DE 21 DE JULHO DE 2022 &#8211; RESOLVE NOMEAR, para o Cargo em Comiss\u00e3o de Chefe do Departamento do Di\u00e1rio Oficial do Munic\u00edpio \u2013 DAS, da Secretaria Municipal de Comunica\u00e7\u00e3o e Cultura, a Sra. VALDEANE PESSOA DOS SANTOS"},"content":{"rendered":"","protected":false},"excerpt":{"rendered":"","protected":false},"author":6,"featured_media":0,"comment_status":"open","ping_status":"closed","sticky":false,"template":"","format":"standard","meta":{"_acf_changed":false,"footnotes":""},"categories":[4],"tags":[],"mes":[30],"ano":[22],"secretarias":[],"class_list":["post-12556","post","type-post","status-publish","format-standard","hentry","category-portarias","mes-julho","ano-22"],"acf":{"documento":"https:\/\/saobernardo.ma.gov.br\/transparencia\/wp-content\/uploads\/2022\/07\/PORTARIA-No-354.pdf","situacao_da_portaria":"ATIVA","link_csv":""},"_links":{"self":[{"href":"https:\/\/saobernardo.ma.gov.br\/transparencia\/wp-json\/wp\/v2\/posts\/12556","targetHints":{"allow":["GET"]}}],"collection":[{"href":"https:\/\/saobernardo.ma.gov.br\/transparencia\/wp-json\/wp\/v2\/posts"}],"about":[{"href":"https:\/\/saobernardo.ma.gov.br\/transparencia\/wp-json\/wp\/v2\/types\/post"}],"author":[{"embeddable":true,"href":"https:\/\/saobernardo.ma.gov.br\/transparencia\/wp-json\/wp\/v2\/users\/6"}],"replies":[{"embeddable":true,"href":"https:\/\/saobernardo.ma.gov.br\/transparencia\/wp-json\/wp\/v2\/comments?post=12556"}],"version-history":[{"count":1,"href":"https:\/\/saobernardo.ma.gov.br\/transparencia\/wp-json\/wp\/v2\/posts\/12556\/revisions"}],"predecessor-version":[{"id":12558,"href":"https:\/\/saobernardo.ma.gov.br\/transparencia\/wp-json\/wp\/v2\/posts\/12556\/revisions\/12558"}],"wp:attachment":[{"href":"https:\/\/saobernardo.ma.gov.br\/transparencia\/wp-json\/wp\/v2\/media?parent=12556"}],"wp:term":[{"taxonomy":"category","embeddable":true,"href":"https:\/\/saobernardo.ma.gov.br\/transparencia\/wp-json\/wp\/v2\/categories?post=12556"},{"taxonomy":"post_tag","embeddable":true,"href":"https:\/\/saobernardo.ma.gov.br\/transparencia\/wp-json\/wp\/v2\/tags?post=12556"},{"taxonomy":"mes","embeddable":true,"href":"https:\/\/saobernardo.ma.gov.br\/transparencia\/wp-json\/wp\/v2\/mes?post=12556"},{"taxonomy":"ano","embeddable":true,"href":"https:\/\/saobernardo.ma.gov.br\/transparencia\/wp-json\/wp\/v2\/ano?post=12556"},{"taxonomy":"secretarias","embeddable":true,"href":"https:\/\/saobernardo.ma.gov.br\/transparencia\/wp-json\/wp\/v2\/secretarias?post=12556"}],"curies":[{"name":"wp","href":"https:\/\/api.w.org\/{rel}","templated":true}]}}