 {"id":12620,"date":"2022-07-27T13:47:47","date_gmt":"2022-07-27T16:47:47","guid":{"rendered":"https:\/\/saobernardo.ma.gov.br\/transparencia\/?p=12620"},"modified":"2023-06-13T16:09:26","modified_gmt":"2023-06-13T19:09:26","slug":"decreto-municipal-no-179-de-27-de-julho-de-2022-decreta-ponto-facultativo-no-dia-28-de-julho-de-2022-dia-da-adesao-do-maranhao-a-independencia-do-brasil-nas-reparticoes-publicas-municipa","status":"publish","type":"post","link":"https:\/\/saobernardo.ma.gov.br\/transparencia\/decretos\/decreto-municipal-no-179-de-27-de-julho-de-2022-decreta-ponto-facultativo-no-dia-28-de-julho-de-2022-dia-da-adesao-do-maranhao-a-independencia-do-brasil-nas-reparticoes-publicas-municipa\/","title":{"rendered":"DECRETO MUNICIPAL N\u00ba 179, DE 27 DE JULHO DE 2022 &#8211; \u201cDECRETA PONTO FACULTATIVO NO DIA 28 DE JULHO DE 2022, DIA DA ADES\u00c3O DO MARANH\u00c3O \u00c0 INDEPEND\u00caNCIA DO BRASIL, NAS REPARTI\u00c7\u00d5ES P\u00daBLICAS MUNICIPAIS, E D\u00c1 OUTRAS PROVID\u00caNCIAS\u201d."},"content":{"rendered":"","protected":false},"excerpt":{"rendered":"","protected":false},"author":6,"featured_media":0,"comment_status":"open","ping_status":"closed","sticky":false,"template":"","format":"standard","meta":{"_acf_changed":false,"footnotes":""},"categories":[3],"tags":[],"mes":[30],"ano":[22],"secretarias":[],"class_list":["post-12620","post","type-post","status-publish","format-standard","hentry","category-decretos","mes-julho","ano-22"],"acf":{"documento":"https:\/\/saobernardo.ma.gov.br\/transparencia\/wp-content\/uploads\/2022\/07\/DECRETO-No-179-DIA-DA-ADESAO-DO-MARANHAO-A-INDEPENDENCIA.pdf","link_csv":""},"_links":{"self":[{"href":"https:\/\/saobernardo.ma.gov.br\/transparencia\/wp-json\/wp\/v2\/posts\/12620","targetHints":{"allow":["GET"]}}],"collection":[{"href":"https:\/\/saobernardo.ma.gov.br\/transparencia\/wp-json\/wp\/v2\/posts"}],"about":[{"href":"https:\/\/saobernardo.ma.gov.br\/transparencia\/wp-json\/wp\/v2\/types\/post"}],"author":[{"embeddable":true,"href":"https:\/\/saobernardo.ma.gov.br\/transparencia\/wp-json\/wp\/v2\/users\/6"}],"replies":[{"embeddable":true,"href":"https:\/\/saobernardo.ma.gov.br\/transparencia\/wp-json\/wp\/v2\/comments?post=12620"}],"version-history":[{"count":1,"href":"https:\/\/saobernardo.ma.gov.br\/transparencia\/wp-json\/wp\/v2\/posts\/12620\/revisions"}],"predecessor-version":[{"id":12622,"href":"https:\/\/saobernardo.ma.gov.br\/transparencia\/wp-json\/wp\/v2\/posts\/12620\/revisions\/12622"}],"wp:attachment":[{"href":"https:\/\/saobernardo.ma.gov.br\/transparencia\/wp-json\/wp\/v2\/media?parent=12620"}],"wp:term":[{"taxonomy":"category","embeddable":true,"href":"https:\/\/saobernardo.ma.gov.br\/transparencia\/wp-json\/wp\/v2\/categories?post=12620"},{"taxonomy":"post_tag","embeddable":true,"href":"https:\/\/saobernardo.ma.gov.br\/transparencia\/wp-json\/wp\/v2\/tags?post=12620"},{"taxonomy":"mes","embeddable":true,"href":"https:\/\/saobernardo.ma.gov.br\/transparencia\/wp-json\/wp\/v2\/mes?post=12620"},{"taxonomy":"ano","embeddable":true,"href":"https:\/\/saobernardo.ma.gov.br\/transparencia\/wp-json\/wp\/v2\/ano?post=12620"},{"taxonomy":"secretarias","embeddable":true,"href":"https:\/\/saobernardo.ma.gov.br\/transparencia\/wp-json\/wp\/v2\/secretarias?post=12620"}],"curies":[{"name":"wp","href":"https:\/\/api.w.org\/{rel}","templated":true}]}}