 {"id":12822,"date":"2022-08-25T14:09:30","date_gmt":"2022-08-25T17:09:30","guid":{"rendered":"https:\/\/saobernardo.ma.gov.br\/transparencia\/?p=12822"},"modified":"2023-06-13T16:10:36","modified_gmt":"2023-06-13T19:10:36","slug":"decreto-municipal-no-182-de-25-de-agosto-de-2022-declara-luto-oficial-em-todo-o-municipio-pelo-periodo-de-dois-dias-contados-da-data-de-publicacao-deste-decreto-em-sinal-de-pesar-pelo-f","status":"publish","type":"post","link":"https:\/\/saobernardo.ma.gov.br\/transparencia\/decretos\/decreto-municipal-no-182-de-25-de-agosto-de-2022-declara-luto-oficial-em-todo-o-municipio-pelo-periodo-de-dois-dias-contados-da-data-de-publicacao-deste-decreto-em-sinal-de-pesar-pelo-f\/","title":{"rendered":"DECRETO MUNICIPAL N\u00ba 182, DE 25 DE AGOSTO DE 2022 &#8211; \u201cDECLARA LUTO OFICIAL EM TODO O MUNIC\u00cdPIO, PELO PER\u00cdODO DE DOIS DIAS, CONTADOS DA DATA DE PUBLICA\u00c7\u00c3O DESTE DECRETO, EM SINAL DE PESAR PELO FALECIMENTO DO SENHOR FERNANDO FERREIRA CARVALHO, PAI DA SECRET\u00c1RIA DE EDUCA\u00c7\u00c3O DO MUNIC\u00cdPIO E DO ASSESSOR JUR\u00cdDICO, RAQUEL CARVALHO E JOELSI COSTA, RESPECTIVAMENTE; E D\u00c1 OUTRAS PROVID\u00caNCIAS."},"content":{"rendered":"","protected":false},"excerpt":{"rendered":"","protected":false},"author":6,"featured_media":0,"comment_status":"open","ping_status":"closed","sticky":false,"template":"","format":"standard","meta":{"_acf_changed":false,"footnotes":""},"categories":[3],"tags":[],"mes":[31],"ano":[22],"secretarias":[],"class_list":["post-12822","post","type-post","status-publish","format-standard","hentry","category-decretos","mes-agosto","ano-22"],"acf":{"documento":"https:\/\/saobernardo.ma.gov.br\/transparencia\/wp-content\/uploads\/2022\/08\/DECRETO-No-182-DECLARA-LUTO.pdf","link_csv":""},"_links":{"self":[{"href":"https:\/\/saobernardo.ma.gov.br\/transparencia\/wp-json\/wp\/v2\/posts\/12822","targetHints":{"allow":["GET"]}}],"collection":[{"href":"https:\/\/saobernardo.ma.gov.br\/transparencia\/wp-json\/wp\/v2\/posts"}],"about":[{"href":"https:\/\/saobernardo.ma.gov.br\/transparencia\/wp-json\/wp\/v2\/types\/post"}],"author":[{"embeddable":true,"href":"https:\/\/saobernardo.ma.gov.br\/transparencia\/wp-json\/wp\/v2\/users\/6"}],"replies":[{"embeddable":true,"href":"https:\/\/saobernardo.ma.gov.br\/transparencia\/wp-json\/wp\/v2\/comments?post=12822"}],"version-history":[{"count":1,"href":"https:\/\/saobernardo.ma.gov.br\/transparencia\/wp-json\/wp\/v2\/posts\/12822\/revisions"}],"predecessor-version":[{"id":12824,"href":"https:\/\/saobernardo.ma.gov.br\/transparencia\/wp-json\/wp\/v2\/posts\/12822\/revisions\/12824"}],"wp:attachment":[{"href":"https:\/\/saobernardo.ma.gov.br\/transparencia\/wp-json\/wp\/v2\/media?parent=12822"}],"wp:term":[{"taxonomy":"category","embeddable":true,"href":"https:\/\/saobernardo.ma.gov.br\/transparencia\/wp-json\/wp\/v2\/categories?post=12822"},{"taxonomy":"post_tag","embeddable":true,"href":"https:\/\/saobernardo.ma.gov.br\/transparencia\/wp-json\/wp\/v2\/tags?post=12822"},{"taxonomy":"mes","embeddable":true,"href":"https:\/\/saobernardo.ma.gov.br\/transparencia\/wp-json\/wp\/v2\/mes?post=12822"},{"taxonomy":"ano","embeddable":true,"href":"https:\/\/saobernardo.ma.gov.br\/transparencia\/wp-json\/wp\/v2\/ano?post=12822"},{"taxonomy":"secretarias","embeddable":true,"href":"https:\/\/saobernardo.ma.gov.br\/transparencia\/wp-json\/wp\/v2\/secretarias?post=12822"}],"curies":[{"name":"wp","href":"https:\/\/api.w.org\/{rel}","templated":true}]}}