 {"id":1306,"date":"2019-06-21T17:45:01","date_gmt":"2019-06-21T20:45:01","guid":{"rendered":"http:\/\/saobernardo.ma.gov.br\/gestaopublica\/?p=1306"},"modified":"2024-08-21T12:04:22","modified_gmt":"2024-08-21T15:04:22","slug":"lei-ordinaria-n-761-de-21-de-junho-de-2019-dispoe-sobre-a-criacao-do-dia-do-evangelico-e-do-catolico-no-ambito-do-municipio-e-da-outras-providencias","status":"publish","type":"post","link":"https:\/\/saobernardo.ma.gov.br\/transparencia\/leis\/lei-ordinaria-n-761-de-21-de-junho-de-2019-dispoe-sobre-a-criacao-do-dia-do-evangelico-e-do-catolico-no-ambito-do-municipio-e-da-outras-providencias\/","title":{"rendered":"Lei Ordin\u00e1ria N\u00b0 761, de 21 de junho de 2019, Disp\u00f5e sobre a cria\u00e7\u00e3o do dia do evang\u00e9lico e do cat\u00f3lico no \u00e2mbito do munic\u00edpio, e d\u00e1 outras provid\u00eancias."},"content":{"rendered":"<p><a <a href=\"http:\/\/saobernardo.ma.gov.br\/transparencia\/wp-content\/uploads\/2019\/06\/Lei-Ordin\u00e1ria-N\u00b0-761-de-21-de-junho-de-2019.pdf\" target=\"_blank\">download\u00a0<\/a><\/p>\n","protected":false},"excerpt":{"rendered":"","protected":false},"author":2,"featured_media":0,"comment_status":"open","ping_status":"closed","sticky":false,"template":"","format":"standard","meta":{"_acf_changed":false,"footnotes":""},"categories":[5],"tags":[],"mes":[29],"ano":[37],"secretarias":[],"class_list":["post-1306","post","type-post","status-publish","format-standard","hentry","category-leis","mes-junho","ano-37"],"acf":{"link_csv":"http:\/\/saobernardo.ma.gov.br\/transparencia\/wp-content\/uploads\/2019\/06\/Lei-Ordin\u00e1ria-N\u00b0-761-de-21-de-junho-de-2019.pdf","documento":"https:\/\/saobernardo.ma.gov.br\/transparencia\/wp-content\/uploads\/2019\/06\/Lei-761-2019-Catolico-e-Evangelico.pdf"},"_links":{"self":[{"href":"https:\/\/saobernardo.ma.gov.br\/transparencia\/wp-json\/wp\/v2\/posts\/1306","targetHints":{"allow":["GET"]}}],"collection":[{"href":"https:\/\/saobernardo.ma.gov.br\/transparencia\/wp-json\/wp\/v2\/posts"}],"about":[{"href":"https:\/\/saobernardo.ma.gov.br\/transparencia\/wp-json\/wp\/v2\/types\/post"}],"author":[{"embeddable":true,"href":"https:\/\/saobernardo.ma.gov.br\/transparencia\/wp-json\/wp\/v2\/users\/2"}],"replies":[{"embeddable":true,"href":"https:\/\/saobernardo.ma.gov.br\/transparencia\/wp-json\/wp\/v2\/comments?post=1306"}],"version-history":[{"count":2,"href":"https:\/\/saobernardo.ma.gov.br\/transparencia\/wp-json\/wp\/v2\/posts\/1306\/revisions"}],"predecessor-version":[{"id":19171,"href":"https:\/\/saobernardo.ma.gov.br\/transparencia\/wp-json\/wp\/v2\/posts\/1306\/revisions\/19171"}],"wp:attachment":[{"href":"https:\/\/saobernardo.ma.gov.br\/transparencia\/wp-json\/wp\/v2\/media?parent=1306"}],"wp:term":[{"taxonomy":"category","embeddable":true,"href":"https:\/\/saobernardo.ma.gov.br\/transparencia\/wp-json\/wp\/v2\/categories?post=1306"},{"taxonomy":"post_tag","embeddable":true,"href":"https:\/\/saobernardo.ma.gov.br\/transparencia\/wp-json\/wp\/v2\/tags?post=1306"},{"taxonomy":"mes","embeddable":true,"href":"https:\/\/saobernardo.ma.gov.br\/transparencia\/wp-json\/wp\/v2\/mes?post=1306"},{"taxonomy":"ano","embeddable":true,"href":"https:\/\/saobernardo.ma.gov.br\/transparencia\/wp-json\/wp\/v2\/ano?post=1306"},{"taxonomy":"secretarias","embeddable":true,"href":"https:\/\/saobernardo.ma.gov.br\/transparencia\/wp-json\/wp\/v2\/secretarias?post=1306"}],"curies":[{"name":"wp","href":"https:\/\/api.w.org\/{rel}","templated":true}]}}