 {"id":13179,"date":"2022-10-21T10:32:28","date_gmt":"2022-10-21T13:32:28","guid":{"rendered":"https:\/\/saobernardo.ma.gov.br\/transparencia\/?p=13179"},"modified":"2023-06-15T10:57:43","modified_gmt":"2023-06-15T13:57:43","slug":"portaria-no-393-de-21-de-outubro-de-2022-resolve-exonerar-por-falecimento-do-cargo-em-comissao-de-diretor-adjunto-do-jardim-de-infancia-saci-perere-o-sr-adailton-lima-porto","status":"publish","type":"post","link":"https:\/\/saobernardo.ma.gov.br\/transparencia\/portarias\/portaria-no-393-de-21-de-outubro-de-2022-resolve-exonerar-por-falecimento-do-cargo-em-comissao-de-diretor-adjunto-do-jardim-de-infancia-saci-perere-o-sr-adailton-lima-porto\/","title":{"rendered":"PORTARIA N\u00ba 393, DE 21 DE OUTUBRO DE 2022 &#8211; RESOLVE EXONERAR, por falecimento, do Cargo em Comiss\u00e3o de Diretor Adjunto, do Jardim de Inf\u00e2ncia Saci Perer\u00ea, o Sr. ADAILTON LIMA PORTO"},"content":{"rendered":"","protected":false},"excerpt":{"rendered":"","protected":false},"author":6,"featured_media":0,"comment_status":"open","ping_status":"closed","sticky":false,"template":"","format":"standard","meta":{"_acf_changed":false,"footnotes":""},"categories":[4],"tags":[],"mes":[33],"ano":[22],"secretarias":[],"class_list":["post-13179","post","type-post","status-publish","format-standard","hentry","category-portarias","mes-outubro","ano-22"],"acf":{"documento":"https:\/\/saobernardo.ma.gov.br\/transparencia\/wp-content\/uploads\/2022\/10\/PORTARIA-No-393-do-Adailton-por-falecimento.pdf","situacao_da_portaria":"ATIVA","link_csv":""},"_links":{"self":[{"href":"https:\/\/saobernardo.ma.gov.br\/transparencia\/wp-json\/wp\/v2\/posts\/13179","targetHints":{"allow":["GET"]}}],"collection":[{"href":"https:\/\/saobernardo.ma.gov.br\/transparencia\/wp-json\/wp\/v2\/posts"}],"about":[{"href":"https:\/\/saobernardo.ma.gov.br\/transparencia\/wp-json\/wp\/v2\/types\/post"}],"author":[{"embeddable":true,"href":"https:\/\/saobernardo.ma.gov.br\/transparencia\/wp-json\/wp\/v2\/users\/6"}],"replies":[{"embeddable":true,"href":"https:\/\/saobernardo.ma.gov.br\/transparencia\/wp-json\/wp\/v2\/comments?post=13179"}],"version-history":[{"count":1,"href":"https:\/\/saobernardo.ma.gov.br\/transparencia\/wp-json\/wp\/v2\/posts\/13179\/revisions"}],"predecessor-version":[{"id":13181,"href":"https:\/\/saobernardo.ma.gov.br\/transparencia\/wp-json\/wp\/v2\/posts\/13179\/revisions\/13181"}],"wp:attachment":[{"href":"https:\/\/saobernardo.ma.gov.br\/transparencia\/wp-json\/wp\/v2\/media?parent=13179"}],"wp:term":[{"taxonomy":"category","embeddable":true,"href":"https:\/\/saobernardo.ma.gov.br\/transparencia\/wp-json\/wp\/v2\/categories?post=13179"},{"taxonomy":"post_tag","embeddable":true,"href":"https:\/\/saobernardo.ma.gov.br\/transparencia\/wp-json\/wp\/v2\/tags?post=13179"},{"taxonomy":"mes","embeddable":true,"href":"https:\/\/saobernardo.ma.gov.br\/transparencia\/wp-json\/wp\/v2\/mes?post=13179"},{"taxonomy":"ano","embeddable":true,"href":"https:\/\/saobernardo.ma.gov.br\/transparencia\/wp-json\/wp\/v2\/ano?post=13179"},{"taxonomy":"secretarias","embeddable":true,"href":"https:\/\/saobernardo.ma.gov.br\/transparencia\/wp-json\/wp\/v2\/secretarias?post=13179"}],"curies":[{"name":"wp","href":"https:\/\/api.w.org\/{rel}","templated":true}]}}