 {"id":13254,"date":"2022-11-03T10:43:50","date_gmt":"2022-11-03T13:43:50","guid":{"rendered":"https:\/\/saobernardo.ma.gov.br\/transparencia\/?p=13254"},"modified":"2023-06-15T10:57:11","modified_gmt":"2023-06-15T13:57:11","slug":"portaria-no395-de-27-de-outubro-de-2022-resolve-exonerar-do-cargo-em-comissao-de-coordenador-pedagogico-do-jardim-de-infancia-saci-perere-a-sra-kelyanne-de-sousa-reis","status":"publish","type":"post","link":"https:\/\/saobernardo.ma.gov.br\/transparencia\/portarias\/portaria-no395-de-27-de-outubro-de-2022-resolve-exonerar-do-cargo-em-comissao-de-coordenador-pedagogico-do-jardim-de-infancia-saci-perere-a-sra-kelyanne-de-sousa-reis\/","title":{"rendered":"PORTARIA N\u00ba395, DE 27 DE OUTUBRO DE 2022 &#8211; RESOLVE EXONERAR, do Cargo em Comiss\u00e3o de Coordenador Pedag\u00f3gico, do Jardim de Inf\u00e2ncia Saci-Perer\u00ea, a Sra. KELYANNE DE SOUSA REIS"},"content":{"rendered":"","protected":false},"excerpt":{"rendered":"","protected":false},"author":6,"featured_media":0,"comment_status":"open","ping_status":"closed","sticky":false,"template":"","format":"standard","meta":{"_acf_changed":false,"footnotes":""},"categories":[4],"tags":[],"mes":[34],"ano":[22],"secretarias":[],"class_list":["post-13254","post","type-post","status-publish","format-standard","hentry","category-portarias","mes-novembro","ano-22"],"acf":{"documento":"https:\/\/saobernardo.ma.gov.br\/transparencia\/wp-content\/uploads\/2022\/11\/PORTARIA-No395.pdf","situacao_da_portaria":"ATIVA","link_csv":""},"_links":{"self":[{"href":"https:\/\/saobernardo.ma.gov.br\/transparencia\/wp-json\/wp\/v2\/posts\/13254","targetHints":{"allow":["GET"]}}],"collection":[{"href":"https:\/\/saobernardo.ma.gov.br\/transparencia\/wp-json\/wp\/v2\/posts"}],"about":[{"href":"https:\/\/saobernardo.ma.gov.br\/transparencia\/wp-json\/wp\/v2\/types\/post"}],"author":[{"embeddable":true,"href":"https:\/\/saobernardo.ma.gov.br\/transparencia\/wp-json\/wp\/v2\/users\/6"}],"replies":[{"embeddable":true,"href":"https:\/\/saobernardo.ma.gov.br\/transparencia\/wp-json\/wp\/v2\/comments?post=13254"}],"version-history":[{"count":1,"href":"https:\/\/saobernardo.ma.gov.br\/transparencia\/wp-json\/wp\/v2\/posts\/13254\/revisions"}],"predecessor-version":[{"id":13256,"href":"https:\/\/saobernardo.ma.gov.br\/transparencia\/wp-json\/wp\/v2\/posts\/13254\/revisions\/13256"}],"wp:attachment":[{"href":"https:\/\/saobernardo.ma.gov.br\/transparencia\/wp-json\/wp\/v2\/media?parent=13254"}],"wp:term":[{"taxonomy":"category","embeddable":true,"href":"https:\/\/saobernardo.ma.gov.br\/transparencia\/wp-json\/wp\/v2\/categories?post=13254"},{"taxonomy":"post_tag","embeddable":true,"href":"https:\/\/saobernardo.ma.gov.br\/transparencia\/wp-json\/wp\/v2\/tags?post=13254"},{"taxonomy":"mes","embeddable":true,"href":"https:\/\/saobernardo.ma.gov.br\/transparencia\/wp-json\/wp\/v2\/mes?post=13254"},{"taxonomy":"ano","embeddable":true,"href":"https:\/\/saobernardo.ma.gov.br\/transparencia\/wp-json\/wp\/v2\/ano?post=13254"},{"taxonomy":"secretarias","embeddable":true,"href":"https:\/\/saobernardo.ma.gov.br\/transparencia\/wp-json\/wp\/v2\/secretarias?post=13254"}],"curies":[{"name":"wp","href":"https:\/\/api.w.org\/{rel}","templated":true}]}}