 {"id":13568,"date":"2022-12-16T11:13:18","date_gmt":"2022-12-16T14:13:18","guid":{"rendered":"https:\/\/saobernardo.ma.gov.br\/transparencia\/?p=13568"},"modified":"2023-06-13T16:16:31","modified_gmt":"2023-06-13T19:16:31","slug":"decreto-municipal-no-193-de-16-de-dezembro-de-2022-nomear-os-membros-do-conselho-municipal-dos-direitos-da-crianca-e-do-adolescente-cmdca-titulares-e-respectivos-suplentes-para-o-mandato-de-02","status":"publish","type":"post","link":"https:\/\/saobernardo.ma.gov.br\/transparencia\/decretos\/decreto-municipal-no-193-de-16-de-dezembro-de-2022-nomear-os-membros-do-conselho-municipal-dos-direitos-da-crianca-e-do-adolescente-cmdca-titulares-e-respectivos-suplentes-para-o-mandato-de-02\/","title":{"rendered":"DECRETO MUNICIPAL N\u00ba 193, DE 16 DE DEZEMBRO DE 2022 &#8211; Nomear os membros do Conselho Municipal dos Direitos da Crian\u00e7a e do Adolescente &#8211; CMDCA, Titulares e respectivos Suplentes, para o mandato de 02 (dois) anos, permitindo uma \u00fanica recondu\u00e7\u00e3o por igual per\u00edodo, conforme rela\u00e7\u00e3o descrita abaixo para o bi\u00eanio de 2021 a 2023."},"content":{"rendered":"","protected":false},"excerpt":{"rendered":"","protected":false},"author":6,"featured_media":0,"comment_status":"open","ping_status":"closed","sticky":false,"template":"","format":"standard","meta":{"_acf_changed":false,"footnotes":""},"categories":[3],"tags":[],"mes":[35],"ano":[22],"secretarias":[],"class_list":["post-13568","post","type-post","status-publish","format-standard","hentry","category-decretos","mes-dezembro","ano-22"],"acf":{"documento":"https:\/\/saobernardo.ma.gov.br\/transparencia\/wp-content\/uploads\/2022\/12\/193.pdf","link_csv":""},"_links":{"self":[{"href":"https:\/\/saobernardo.ma.gov.br\/transparencia\/wp-json\/wp\/v2\/posts\/13568","targetHints":{"allow":["GET"]}}],"collection":[{"href":"https:\/\/saobernardo.ma.gov.br\/transparencia\/wp-json\/wp\/v2\/posts"}],"about":[{"href":"https:\/\/saobernardo.ma.gov.br\/transparencia\/wp-json\/wp\/v2\/types\/post"}],"author":[{"embeddable":true,"href":"https:\/\/saobernardo.ma.gov.br\/transparencia\/wp-json\/wp\/v2\/users\/6"}],"replies":[{"embeddable":true,"href":"https:\/\/saobernardo.ma.gov.br\/transparencia\/wp-json\/wp\/v2\/comments?post=13568"}],"version-history":[{"count":4,"href":"https:\/\/saobernardo.ma.gov.br\/transparencia\/wp-json\/wp\/v2\/posts\/13568\/revisions"}],"predecessor-version":[{"id":13589,"href":"https:\/\/saobernardo.ma.gov.br\/transparencia\/wp-json\/wp\/v2\/posts\/13568\/revisions\/13589"}],"wp:attachment":[{"href":"https:\/\/saobernardo.ma.gov.br\/transparencia\/wp-json\/wp\/v2\/media?parent=13568"}],"wp:term":[{"taxonomy":"category","embeddable":true,"href":"https:\/\/saobernardo.ma.gov.br\/transparencia\/wp-json\/wp\/v2\/categories?post=13568"},{"taxonomy":"post_tag","embeddable":true,"href":"https:\/\/saobernardo.ma.gov.br\/transparencia\/wp-json\/wp\/v2\/tags?post=13568"},{"taxonomy":"mes","embeddable":true,"href":"https:\/\/saobernardo.ma.gov.br\/transparencia\/wp-json\/wp\/v2\/mes?post=13568"},{"taxonomy":"ano","embeddable":true,"href":"https:\/\/saobernardo.ma.gov.br\/transparencia\/wp-json\/wp\/v2\/ano?post=13568"},{"taxonomy":"secretarias","embeddable":true,"href":"https:\/\/saobernardo.ma.gov.br\/transparencia\/wp-json\/wp\/v2\/secretarias?post=13568"}],"curies":[{"name":"wp","href":"https:\/\/api.w.org\/{rel}","templated":true}]}}