 {"id":13619,"date":"2022-12-22T13:07:12","date_gmt":"2022-12-22T16:07:12","guid":{"rendered":"https:\/\/saobernardo.ma.gov.br\/transparencia\/?p=13619"},"modified":"2023-06-15T10:55:35","modified_gmt":"2023-06-15T13:55:35","slug":"portaria-no-400-de-22-de-dezembro-de-2022-resolve-nomear-para-o-cargo-em-comissao-de-coordenador-pedagogico-das-do-jardim-de-infancia-saci-perere-a-sra-israella-dhulia-sousa-ciqueira","status":"publish","type":"post","link":"https:\/\/saobernardo.ma.gov.br\/transparencia\/portarias\/portaria-no-400-de-22-de-dezembro-de-2022-resolve-nomear-para-o-cargo-em-comissao-de-coordenador-pedagogico-das-do-jardim-de-infancia-saci-perere-a-sra-israella-dhulia-sousa-ciqueira\/","title":{"rendered":"PORTARIA N\u00ba 400, DE 22 DE DEZEMBRO DE 2022 &#8211; RESOLVE NOMEAR, para o Cargo em Comiss\u00e3o de Coordenador Pedag\u00f3gico- DAS, do Jardim de Inf\u00e2ncia Saci-Perer\u00ea, a Sra. ISRAELLA DHULIA SOUSA CIQUEIRA"},"content":{"rendered":"","protected":false},"excerpt":{"rendered":"","protected":false},"author":6,"featured_media":0,"comment_status":"open","ping_status":"closed","sticky":false,"template":"","format":"standard","meta":{"_acf_changed":false,"footnotes":""},"categories":[4],"tags":[],"mes":[35],"ano":[22],"secretarias":[],"class_list":["post-13619","post","type-post","status-publish","format-standard","hentry","category-portarias","mes-dezembro","ano-22"],"acf":{"documento":"https:\/\/saobernardo.ma.gov.br\/transparencia\/wp-content\/uploads\/2022\/12\/PORTARIA-No-400-DHULIA-NOMEADA-COORDENADORA-PDF.pdf","situacao_da_portaria":"ATIVA","link_csv":""},"_links":{"self":[{"href":"https:\/\/saobernardo.ma.gov.br\/transparencia\/wp-json\/wp\/v2\/posts\/13619","targetHints":{"allow":["GET"]}}],"collection":[{"href":"https:\/\/saobernardo.ma.gov.br\/transparencia\/wp-json\/wp\/v2\/posts"}],"about":[{"href":"https:\/\/saobernardo.ma.gov.br\/transparencia\/wp-json\/wp\/v2\/types\/post"}],"author":[{"embeddable":true,"href":"https:\/\/saobernardo.ma.gov.br\/transparencia\/wp-json\/wp\/v2\/users\/6"}],"replies":[{"embeddable":true,"href":"https:\/\/saobernardo.ma.gov.br\/transparencia\/wp-json\/wp\/v2\/comments?post=13619"}],"version-history":[{"count":1,"href":"https:\/\/saobernardo.ma.gov.br\/transparencia\/wp-json\/wp\/v2\/posts\/13619\/revisions"}],"predecessor-version":[{"id":13621,"href":"https:\/\/saobernardo.ma.gov.br\/transparencia\/wp-json\/wp\/v2\/posts\/13619\/revisions\/13621"}],"wp:attachment":[{"href":"https:\/\/saobernardo.ma.gov.br\/transparencia\/wp-json\/wp\/v2\/media?parent=13619"}],"wp:term":[{"taxonomy":"category","embeddable":true,"href":"https:\/\/saobernardo.ma.gov.br\/transparencia\/wp-json\/wp\/v2\/categories?post=13619"},{"taxonomy":"post_tag","embeddable":true,"href":"https:\/\/saobernardo.ma.gov.br\/transparencia\/wp-json\/wp\/v2\/tags?post=13619"},{"taxonomy":"mes","embeddable":true,"href":"https:\/\/saobernardo.ma.gov.br\/transparencia\/wp-json\/wp\/v2\/mes?post=13619"},{"taxonomy":"ano","embeddable":true,"href":"https:\/\/saobernardo.ma.gov.br\/transparencia\/wp-json\/wp\/v2\/ano?post=13619"},{"taxonomy":"secretarias","embeddable":true,"href":"https:\/\/saobernardo.ma.gov.br\/transparencia\/wp-json\/wp\/v2\/secretarias?post=13619"}],"curies":[{"name":"wp","href":"https:\/\/api.w.org\/{rel}","templated":true}]}}