 {"id":13774,"date":"2023-01-18T14:22:53","date_gmt":"2023-01-18T17:22:53","guid":{"rendered":"https:\/\/saobernardo.ma.gov.br\/transparencia\/?p=13774"},"modified":"2023-06-13T12:17:43","modified_gmt":"2023-06-13T15:17:43","slug":"portaria-no-408-de-18-de-janeiro-de-2023-resolve-nomear-para-o-cargo-em-comissao-de-assessor-juridico-pedagogico-dans-da-secretaria-municipal-de-educacao-ciencia-tecnologia-e-inova","status":"publish","type":"post","link":"https:\/\/saobernardo.ma.gov.br\/transparencia\/portarias\/portaria-no-408-de-18-de-janeiro-de-2023-resolve-nomear-para-o-cargo-em-comissao-de-assessor-juridico-pedagogico-dans-da-secretaria-municipal-de-educacao-ciencia-tecnologia-e-inova\/","title":{"rendered":"PORTARIA N\u00ba 408, DE 18 DE JANEIRO DE 2023 &#8211; RESOLVE NOMEAR, para o Cargo em Comiss\u00e3o de Assessor Jur\u00eddico \u2013 Pedag\u00f3gico &#8211; DANS, da Secretaria Municipal de Educa\u00e7\u00e3o, Ci\u00eancia, Tecnologia e  Inova\u00e7\u00e3o, o Sr. JOELSI FRANK COSTA"},"content":{"rendered":"","protected":false},"excerpt":{"rendered":"","protected":false},"author":6,"featured_media":0,"comment_status":"open","ping_status":"closed","sticky":false,"template":"","format":"standard","meta":{"_acf_changed":false,"footnotes":""},"categories":[4],"tags":[],"mes":[24],"ano":[21],"secretarias":[],"class_list":["post-13774","post","type-post","status-publish","format-standard","hentry","category-portarias","mes-janeiro","ano-21"],"acf":{"documento":"https:\/\/saobernardo.ma.gov.br\/transparencia\/wp-content\/uploads\/2023\/01\/PORTARIA-No-408-JOELSI-FRANK-COSTA-SEMECTI.pdf","situacao_da_portaria":"ATIVA","link_csv":""},"_links":{"self":[{"href":"https:\/\/saobernardo.ma.gov.br\/transparencia\/wp-json\/wp\/v2\/posts\/13774","targetHints":{"allow":["GET"]}}],"collection":[{"href":"https:\/\/saobernardo.ma.gov.br\/transparencia\/wp-json\/wp\/v2\/posts"}],"about":[{"href":"https:\/\/saobernardo.ma.gov.br\/transparencia\/wp-json\/wp\/v2\/types\/post"}],"author":[{"embeddable":true,"href":"https:\/\/saobernardo.ma.gov.br\/transparencia\/wp-json\/wp\/v2\/users\/6"}],"replies":[{"embeddable":true,"href":"https:\/\/saobernardo.ma.gov.br\/transparencia\/wp-json\/wp\/v2\/comments?post=13774"}],"version-history":[{"count":1,"href":"https:\/\/saobernardo.ma.gov.br\/transparencia\/wp-json\/wp\/v2\/posts\/13774\/revisions"}],"predecessor-version":[{"id":13776,"href":"https:\/\/saobernardo.ma.gov.br\/transparencia\/wp-json\/wp\/v2\/posts\/13774\/revisions\/13776"}],"wp:attachment":[{"href":"https:\/\/saobernardo.ma.gov.br\/transparencia\/wp-json\/wp\/v2\/media?parent=13774"}],"wp:term":[{"taxonomy":"category","embeddable":true,"href":"https:\/\/saobernardo.ma.gov.br\/transparencia\/wp-json\/wp\/v2\/categories?post=13774"},{"taxonomy":"post_tag","embeddable":true,"href":"https:\/\/saobernardo.ma.gov.br\/transparencia\/wp-json\/wp\/v2\/tags?post=13774"},{"taxonomy":"mes","embeddable":true,"href":"https:\/\/saobernardo.ma.gov.br\/transparencia\/wp-json\/wp\/v2\/mes?post=13774"},{"taxonomy":"ano","embeddable":true,"href":"https:\/\/saobernardo.ma.gov.br\/transparencia\/wp-json\/wp\/v2\/ano?post=13774"},{"taxonomy":"secretarias","embeddable":true,"href":"https:\/\/saobernardo.ma.gov.br\/transparencia\/wp-json\/wp\/v2\/secretarias?post=13774"}],"curies":[{"name":"wp","href":"https:\/\/api.w.org\/{rel}","templated":true}]}}