 {"id":13896,"date":"2023-02-06T11:17:18","date_gmt":"2023-02-06T14:17:18","guid":{"rendered":"https:\/\/saobernardo.ma.gov.br\/transparencia\/?p=13896"},"modified":"2023-06-13T12:18:11","modified_gmt":"2023-06-13T15:18:11","slug":"portaria-no-417-de-06-de-fevereiro-de-2023-resolve-nomear-para-o-cargo-em-comissao-de-assessor-pedagogico-nivel-i-dans-da-secretaria-de-educacao-ciencia-tecnologia-e-inovacao-a-sra-claudian","status":"publish","type":"post","link":"https:\/\/saobernardo.ma.gov.br\/transparencia\/portarias\/portaria-no-417-de-06-de-fevereiro-de-2023-resolve-nomear-para-o-cargo-em-comissao-de-assessor-pedagogico-nivel-i-dans-da-secretaria-de-educacao-ciencia-tecnologia-e-inovacao-a-sra-claudian\/","title":{"rendered":"PORTARIA N\u00ba 417, DE 06 DE FEVEREIRO DE 2023 &#8211; RESOLVE NOMEAR, para o Cargo em Comiss\u00e3o de Assessor Pedag\u00f3gico N\u00edvel I &#8211; DANS, da Secretaria de Educa\u00e7\u00e3o, Ci\u00eancia, Tecnologia e Inova\u00e7\u00e3o a Sra.  CLAUDIANE GARC\u00caZ DE SOUSA SILVA"},"content":{"rendered":"","protected":false},"excerpt":{"rendered":"","protected":false},"author":6,"featured_media":0,"comment_status":"open","ping_status":"closed","sticky":false,"template":"","format":"standard","meta":{"_acf_changed":false,"footnotes":""},"categories":[4],"tags":[],"mes":[25],"ano":[21],"secretarias":[],"class_list":["post-13896","post","type-post","status-publish","format-standard","hentry","category-portarias","mes-fevereiro","ano-21"],"acf":{"documento":"https:\/\/saobernardo.ma.gov.br\/transparencia\/wp-content\/uploads\/2023\/02\/PORTARIA-No-417-CLAUDIANE-GARCEZ-DE-SOUSA-ASSESSEORA-PEDAGOGICO-NIVEL-I.pdf","situacao_da_portaria":"ATIVA","link_csv":""},"_links":{"self":[{"href":"https:\/\/saobernardo.ma.gov.br\/transparencia\/wp-json\/wp\/v2\/posts\/13896","targetHints":{"allow":["GET"]}}],"collection":[{"href":"https:\/\/saobernardo.ma.gov.br\/transparencia\/wp-json\/wp\/v2\/posts"}],"about":[{"href":"https:\/\/saobernardo.ma.gov.br\/transparencia\/wp-json\/wp\/v2\/types\/post"}],"author":[{"embeddable":true,"href":"https:\/\/saobernardo.ma.gov.br\/transparencia\/wp-json\/wp\/v2\/users\/6"}],"replies":[{"embeddable":true,"href":"https:\/\/saobernardo.ma.gov.br\/transparencia\/wp-json\/wp\/v2\/comments?post=13896"}],"version-history":[{"count":1,"href":"https:\/\/saobernardo.ma.gov.br\/transparencia\/wp-json\/wp\/v2\/posts\/13896\/revisions"}],"predecessor-version":[{"id":13898,"href":"https:\/\/saobernardo.ma.gov.br\/transparencia\/wp-json\/wp\/v2\/posts\/13896\/revisions\/13898"}],"wp:attachment":[{"href":"https:\/\/saobernardo.ma.gov.br\/transparencia\/wp-json\/wp\/v2\/media?parent=13896"}],"wp:term":[{"taxonomy":"category","embeddable":true,"href":"https:\/\/saobernardo.ma.gov.br\/transparencia\/wp-json\/wp\/v2\/categories?post=13896"},{"taxonomy":"post_tag","embeddable":true,"href":"https:\/\/saobernardo.ma.gov.br\/transparencia\/wp-json\/wp\/v2\/tags?post=13896"},{"taxonomy":"mes","embeddable":true,"href":"https:\/\/saobernardo.ma.gov.br\/transparencia\/wp-json\/wp\/v2\/mes?post=13896"},{"taxonomy":"ano","embeddable":true,"href":"https:\/\/saobernardo.ma.gov.br\/transparencia\/wp-json\/wp\/v2\/ano?post=13896"},{"taxonomy":"secretarias","embeddable":true,"href":"https:\/\/saobernardo.ma.gov.br\/transparencia\/wp-json\/wp\/v2\/secretarias?post=13896"}],"curies":[{"name":"wp","href":"https:\/\/api.w.org\/{rel}","templated":true}]}}