 {"id":13949,"date":"2023-02-14T11:43:43","date_gmt":"2023-02-14T14:43:43","guid":{"rendered":"https:\/\/saobernardo.ma.gov.br\/transparencia\/?p=13949"},"modified":"2023-06-13T12:18:11","modified_gmt":"2023-06-13T15:18:11","slug":"portaria-no-422-de-14-de-fevereiro-de-2023-resolve-nomear-para-o-cargo-em-comissao-de-coordenador-pedagogico-das-da-escola-municipal-monsenhor-mauricio-laurent-a-sra-ruth-miranda-costa-menese","status":"publish","type":"post","link":"https:\/\/saobernardo.ma.gov.br\/transparencia\/portarias\/portaria-no-422-de-14-de-fevereiro-de-2023-resolve-nomear-para-o-cargo-em-comissao-de-coordenador-pedagogico-das-da-escola-municipal-monsenhor-mauricio-laurent-a-sra-ruth-miranda-costa-menese\/","title":{"rendered":"PORTARIA N\u00ba 422, DE 14 DE FEVEREIRO DE 2023 &#8211; RESOLVE NOMEAR, para o Cargo em Comiss\u00e3o de Coordenador Pedag\u00f3gico &#8211; DAS, da Escola Municipal Monsenhor Maur\u00edcio Laurent, a Sra. RUTH MIRANDA COSTA MENESES"},"content":{"rendered":"","protected":false},"excerpt":{"rendered":"","protected":false},"author":6,"featured_media":0,"comment_status":"open","ping_status":"closed","sticky":false,"template":"","format":"standard","meta":{"_acf_changed":false,"footnotes":""},"categories":[4],"tags":[],"mes":[25],"ano":[21],"secretarias":[],"class_list":["post-13949","post","type-post","status-publish","format-standard","hentry","category-portarias","mes-fevereiro","ano-21"],"acf":{"documento":"https:\/\/saobernardo.ma.gov.br\/transparencia\/wp-content\/uploads\/2023\/02\/PORTARIA-No-422-coordenadora-Pedagogica-escola-Monsenhor-Laurent-Ruth-Miranda-Costa-Meneses-1.pdf","situacao_da_portaria":"ATIVA","link_csv":""},"_links":{"self":[{"href":"https:\/\/saobernardo.ma.gov.br\/transparencia\/wp-json\/wp\/v2\/posts\/13949","targetHints":{"allow":["GET"]}}],"collection":[{"href":"https:\/\/saobernardo.ma.gov.br\/transparencia\/wp-json\/wp\/v2\/posts"}],"about":[{"href":"https:\/\/saobernardo.ma.gov.br\/transparencia\/wp-json\/wp\/v2\/types\/post"}],"author":[{"embeddable":true,"href":"https:\/\/saobernardo.ma.gov.br\/transparencia\/wp-json\/wp\/v2\/users\/6"}],"replies":[{"embeddable":true,"href":"https:\/\/saobernardo.ma.gov.br\/transparencia\/wp-json\/wp\/v2\/comments?post=13949"}],"version-history":[{"count":1,"href":"https:\/\/saobernardo.ma.gov.br\/transparencia\/wp-json\/wp\/v2\/posts\/13949\/revisions"}],"predecessor-version":[{"id":13951,"href":"https:\/\/saobernardo.ma.gov.br\/transparencia\/wp-json\/wp\/v2\/posts\/13949\/revisions\/13951"}],"wp:attachment":[{"href":"https:\/\/saobernardo.ma.gov.br\/transparencia\/wp-json\/wp\/v2\/media?parent=13949"}],"wp:term":[{"taxonomy":"category","embeddable":true,"href":"https:\/\/saobernardo.ma.gov.br\/transparencia\/wp-json\/wp\/v2\/categories?post=13949"},{"taxonomy":"post_tag","embeddable":true,"href":"https:\/\/saobernardo.ma.gov.br\/transparencia\/wp-json\/wp\/v2\/tags?post=13949"},{"taxonomy":"mes","embeddable":true,"href":"https:\/\/saobernardo.ma.gov.br\/transparencia\/wp-json\/wp\/v2\/mes?post=13949"},{"taxonomy":"ano","embeddable":true,"href":"https:\/\/saobernardo.ma.gov.br\/transparencia\/wp-json\/wp\/v2\/ano?post=13949"},{"taxonomy":"secretarias","embeddable":true,"href":"https:\/\/saobernardo.ma.gov.br\/transparencia\/wp-json\/wp\/v2\/secretarias?post=13949"}],"curies":[{"name":"wp","href":"https:\/\/api.w.org\/{rel}","templated":true}]}}