 {"id":1421,"date":"2019-07-29T11:27:27","date_gmt":"2019-07-29T14:27:27","guid":{"rendered":"http:\/\/saobernardo.ma.gov.br\/gestaopublica\/?p=1421"},"modified":"2023-06-22T08:57:29","modified_gmt":"2023-06-22T11:57:29","slug":"portaria-n-441-de-29-de-julho-de-2019-dispoe-sobre-a-exoneracao-do-cargo-em-comissao-de-chefe-do-departamento-do-diario-oficial-do-municipio-da-secretaria-municipal-de-comunicacao-e-cultura","status":"publish","type":"post","link":"https:\/\/saobernardo.ma.gov.br\/transparencia\/portarias\/portaria-n-441-de-29-de-julho-de-2019-dispoe-sobre-a-exoneracao-do-cargo-em-comissao-de-chefe-do-departamento-do-diario-oficial-do-municipio-da-secretaria-municipal-de-comunicacao-e-cultura\/","title":{"rendered":"Portaria N\u00b0 441, de 29 de julho de 2019, disp\u00f5e sobre a exonera\u00e7\u00e3o do cargo em comiss\u00e3o de chefe do departamento do di\u00e1rio oficial do municipio da secretaria municipal de comunica\u00e7\u00e3o e cultura"},"content":{"rendered":"<p><a <a href=\"http:\/\/saobernardo.ma.gov.br\/transparencia\/wp-content\/uploads\/2019\/07\/Portaria-N\u00b0-441-de-29-de-julho-de-2019-disp\u00f5e-sobre-a-exonera\u00e7\u00e3o-do-cargo-em-comiss\u00e3o.pdf\" target=\"_blank\">download\u00a0<\/a><\/p>\n","protected":false},"excerpt":{"rendered":"","protected":false},"author":2,"featured_media":0,"comment_status":"open","ping_status":"closed","sticky":false,"template":"","format":"standard","meta":{"_acf_changed":false,"footnotes":""},"categories":[4],"tags":[],"mes":[30],"ano":[37],"secretarias":[],"class_list":["post-1421","post","type-post","status-publish","format-standard","hentry","category-portarias","mes-julho","ano-37"],"acf":{"link_csv":"http:\/\/saobernardo.ma.gov.br\/transparencia\/wp-content\/uploads\/2019\/07\/Portaria-N\u00b0-441-de-29-de-julho-de-2019-disp\u00f5e-sobre-a-exonera\u00e7\u00e3o-do-cargo-em-comiss\u00e3o.pdf"},"_links":{"self":[{"href":"https:\/\/saobernardo.ma.gov.br\/transparencia\/wp-json\/wp\/v2\/posts\/1421","targetHints":{"allow":["GET"]}}],"collection":[{"href":"https:\/\/saobernardo.ma.gov.br\/transparencia\/wp-json\/wp\/v2\/posts"}],"about":[{"href":"https:\/\/saobernardo.ma.gov.br\/transparencia\/wp-json\/wp\/v2\/types\/post"}],"author":[{"embeddable":true,"href":"https:\/\/saobernardo.ma.gov.br\/transparencia\/wp-json\/wp\/v2\/users\/2"}],"replies":[{"embeddable":true,"href":"https:\/\/saobernardo.ma.gov.br\/transparencia\/wp-json\/wp\/v2\/comments?post=1421"}],"version-history":[{"count":1,"href":"https:\/\/saobernardo.ma.gov.br\/transparencia\/wp-json\/wp\/v2\/posts\/1421\/revisions"}],"predecessor-version":[{"id":1424,"href":"https:\/\/saobernardo.ma.gov.br\/transparencia\/wp-json\/wp\/v2\/posts\/1421\/revisions\/1424"}],"wp:attachment":[{"href":"https:\/\/saobernardo.ma.gov.br\/transparencia\/wp-json\/wp\/v2\/media?parent=1421"}],"wp:term":[{"taxonomy":"category","embeddable":true,"href":"https:\/\/saobernardo.ma.gov.br\/transparencia\/wp-json\/wp\/v2\/categories?post=1421"},{"taxonomy":"post_tag","embeddable":true,"href":"https:\/\/saobernardo.ma.gov.br\/transparencia\/wp-json\/wp\/v2\/tags?post=1421"},{"taxonomy":"mes","embeddable":true,"href":"https:\/\/saobernardo.ma.gov.br\/transparencia\/wp-json\/wp\/v2\/mes?post=1421"},{"taxonomy":"ano","embeddable":true,"href":"https:\/\/saobernardo.ma.gov.br\/transparencia\/wp-json\/wp\/v2\/ano?post=1421"},{"taxonomy":"secretarias","embeddable":true,"href":"https:\/\/saobernardo.ma.gov.br\/transparencia\/wp-json\/wp\/v2\/secretarias?post=1421"}],"curies":[{"name":"wp","href":"https:\/\/api.w.org\/{rel}","templated":true}]}}