 {"id":14286,"date":"2023-02-20T14:07:35","date_gmt":"2023-02-20T17:07:35","guid":{"rendered":"https:\/\/saobernardo.ma.gov.br\/transparencia\/?p=14286"},"modified":"2023-06-15T10:52:01","modified_gmt":"2023-06-15T13:52:01","slug":"portaria-no-01-2023-o-secretario-municipal-de-saude-de-sao-bernardo-ma-fica-convocada-a-11a-conferencia-municipal-de-saude-de-sao-bernardo-ma-conforme-determinacao-legal-do-decreto-no-2","status":"publish","type":"post","link":"https:\/\/saobernardo.ma.gov.br\/transparencia\/portarias\/portaria-no-01-2023-o-secretario-municipal-de-saude-de-sao-bernardo-ma-fica-convocada-a-11a-conferencia-municipal-de-saude-de-sao-bernardo-ma-conforme-determinacao-legal-do-decreto-no-2\/","title":{"rendered":"PORTARIA N\u00ba 01\/2023  O SECRET\u00c1RIO MUNICIPAL DE SA\u00daDE DE S\u00c3O BERNARDO \u2013 MA &#8211; Fica convocada a 11\u00aa Confer\u00eancia Municipal de Sa\u00fade de S\u00e3o Bernardo -MA, conforme determina\u00e7\u00e3o legal do Decreto n\u00ba 200\/2023, de 27 de fevereiro de 2023, do Prefeito Municipal."},"content":{"rendered":"","protected":false},"excerpt":{"rendered":"","protected":false},"author":6,"featured_media":0,"comment_status":"open","ping_status":"closed","sticky":false,"template":"","format":"standard","meta":{"_acf_changed":false,"footnotes":""},"categories":[4],"tags":[],"mes":[25],"ano":[21],"secretarias":[],"class_list":["post-14286","post","type-post","status-publish","format-standard","hentry","category-portarias","mes-fevereiro","ano-21"],"acf":{"documento":"https:\/\/saobernardo.ma.gov.br\/transparencia\/wp-content\/uploads\/2023\/03\/PORTARIA_01_SEMUS-DA-11a-CONFERENCIA-DE-SAUDE_SAO-BERNARDO_2023.pdf","link_csv":"","situacao_da_portaria":"ATIVA"},"_links":{"self":[{"href":"https:\/\/saobernardo.ma.gov.br\/transparencia\/wp-json\/wp\/v2\/posts\/14286","targetHints":{"allow":["GET"]}}],"collection":[{"href":"https:\/\/saobernardo.ma.gov.br\/transparencia\/wp-json\/wp\/v2\/posts"}],"about":[{"href":"https:\/\/saobernardo.ma.gov.br\/transparencia\/wp-json\/wp\/v2\/types\/post"}],"author":[{"embeddable":true,"href":"https:\/\/saobernardo.ma.gov.br\/transparencia\/wp-json\/wp\/v2\/users\/6"}],"replies":[{"embeddable":true,"href":"https:\/\/saobernardo.ma.gov.br\/transparencia\/wp-json\/wp\/v2\/comments?post=14286"}],"version-history":[{"count":2,"href":"https:\/\/saobernardo.ma.gov.br\/transparencia\/wp-json\/wp\/v2\/posts\/14286\/revisions"}],"predecessor-version":[{"id":14293,"href":"https:\/\/saobernardo.ma.gov.br\/transparencia\/wp-json\/wp\/v2\/posts\/14286\/revisions\/14293"}],"wp:attachment":[{"href":"https:\/\/saobernardo.ma.gov.br\/transparencia\/wp-json\/wp\/v2\/media?parent=14286"}],"wp:term":[{"taxonomy":"category","embeddable":true,"href":"https:\/\/saobernardo.ma.gov.br\/transparencia\/wp-json\/wp\/v2\/categories?post=14286"},{"taxonomy":"post_tag","embeddable":true,"href":"https:\/\/saobernardo.ma.gov.br\/transparencia\/wp-json\/wp\/v2\/tags?post=14286"},{"taxonomy":"mes","embeddable":true,"href":"https:\/\/saobernardo.ma.gov.br\/transparencia\/wp-json\/wp\/v2\/mes?post=14286"},{"taxonomy":"ano","embeddable":true,"href":"https:\/\/saobernardo.ma.gov.br\/transparencia\/wp-json\/wp\/v2\/ano?post=14286"},{"taxonomy":"secretarias","embeddable":true,"href":"https:\/\/saobernardo.ma.gov.br\/transparencia\/wp-json\/wp\/v2\/secretarias?post=14286"}],"curies":[{"name":"wp","href":"https:\/\/api.w.org\/{rel}","templated":true}]}}