 {"id":14357,"date":"2023-03-24T10:04:59","date_gmt":"2023-03-24T13:04:59","guid":{"rendered":"https:\/\/saobernardo.ma.gov.br\/transparencia\/?p=14357"},"modified":"2023-06-13T15:24:35","modified_gmt":"2023-06-13T18:24:35","slug":"portaria-no-468-de-23-de-marco-de-2023-resolve-nomear-para-o-cargo-em-comissao-de-assessor-especial-nivel-iii-dai-1-do-gabinete-do-prefeito-o-sr-miguel-couto-de-carvalho","status":"publish","type":"post","link":"https:\/\/saobernardo.ma.gov.br\/transparencia\/portarias\/portaria-no-468-de-23-de-marco-de-2023-resolve-nomear-para-o-cargo-em-comissao-de-assessor-especial-nivel-iii-dai-1-do-gabinete-do-prefeito-o-sr-miguel-couto-de-carvalho\/","title":{"rendered":"PORTARIA N\u00ba 468, DE 23 DE MAR\u00c7O DE 2023 &#8211; RESOLVE NOMEAR, para o Cargo em Comiss\u00e3o de Assessor Especial N\u00edvel  III \u2013 DAI \u2013 1, do Gabinete do Prefeito, o Sr. MIGUEL COUTO DE CARVALHO"},"content":{"rendered":"","protected":false},"excerpt":{"rendered":"","protected":false},"author":6,"featured_media":0,"comment_status":"open","ping_status":"closed","sticky":false,"template":"","format":"standard","meta":{"_acf_changed":false,"footnotes":""},"categories":[4],"tags":[],"mes":[26],"ano":[21],"secretarias":[],"class_list":["post-14357","post","type-post","status-publish","format-standard","hentry","category-portarias","mes-marco","ano-21"],"acf":{"documento":"https:\/\/saobernardo.ma.gov.br\/transparencia\/wp-content\/uploads\/2023\/03\/PORTARIA-No-468-nomeacao-de-Miguel-Couto-de-Carvalho-como-Assessor-Especial-nivel-III-do-gabinete-do-prefeito.pdf","link_csv":"","situacao_da_portaria":"ATIVA"},"_links":{"self":[{"href":"https:\/\/saobernardo.ma.gov.br\/transparencia\/wp-json\/wp\/v2\/posts\/14357","targetHints":{"allow":["GET"]}}],"collection":[{"href":"https:\/\/saobernardo.ma.gov.br\/transparencia\/wp-json\/wp\/v2\/posts"}],"about":[{"href":"https:\/\/saobernardo.ma.gov.br\/transparencia\/wp-json\/wp\/v2\/types\/post"}],"author":[{"embeddable":true,"href":"https:\/\/saobernardo.ma.gov.br\/transparencia\/wp-json\/wp\/v2\/users\/6"}],"replies":[{"embeddable":true,"href":"https:\/\/saobernardo.ma.gov.br\/transparencia\/wp-json\/wp\/v2\/comments?post=14357"}],"version-history":[{"count":1,"href":"https:\/\/saobernardo.ma.gov.br\/transparencia\/wp-json\/wp\/v2\/posts\/14357\/revisions"}],"predecessor-version":[{"id":14359,"href":"https:\/\/saobernardo.ma.gov.br\/transparencia\/wp-json\/wp\/v2\/posts\/14357\/revisions\/14359"}],"wp:attachment":[{"href":"https:\/\/saobernardo.ma.gov.br\/transparencia\/wp-json\/wp\/v2\/media?parent=14357"}],"wp:term":[{"taxonomy":"category","embeddable":true,"href":"https:\/\/saobernardo.ma.gov.br\/transparencia\/wp-json\/wp\/v2\/categories?post=14357"},{"taxonomy":"post_tag","embeddable":true,"href":"https:\/\/saobernardo.ma.gov.br\/transparencia\/wp-json\/wp\/v2\/tags?post=14357"},{"taxonomy":"mes","embeddable":true,"href":"https:\/\/saobernardo.ma.gov.br\/transparencia\/wp-json\/wp\/v2\/mes?post=14357"},{"taxonomy":"ano","embeddable":true,"href":"https:\/\/saobernardo.ma.gov.br\/transparencia\/wp-json\/wp\/v2\/ano?post=14357"},{"taxonomy":"secretarias","embeddable":true,"href":"https:\/\/saobernardo.ma.gov.br\/transparencia\/wp-json\/wp\/v2\/secretarias?post=14357"}],"curies":[{"name":"wp","href":"https:\/\/api.w.org\/{rel}","templated":true}]}}