 {"id":14360,"date":"2023-03-24T10:06:13","date_gmt":"2023-03-24T13:06:13","guid":{"rendered":"https:\/\/saobernardo.ma.gov.br\/transparencia\/?p=14360"},"modified":"2023-06-13T15:24:20","modified_gmt":"2023-06-13T18:24:20","slug":"portaria-no-469-de-23-de-marco-de-2023-resolve-nomear-para-o-cargo-em-comissao-de-assessor-pedagogico-nivel-ii-das-da-secretaria-municipal-de-educacao-ciencia-tecnologia-e-inovacao","status":"publish","type":"post","link":"https:\/\/saobernardo.ma.gov.br\/transparencia\/portarias\/portaria-no-469-de-23-de-marco-de-2023-resolve-nomear-para-o-cargo-em-comissao-de-assessor-pedagogico-nivel-ii-das-da-secretaria-municipal-de-educacao-ciencia-tecnologia-e-inovacao\/","title":{"rendered":"PORTARIA N\u00ba 469, DE 23 DE MAR\u00c7O DE 2023 &#8211; RESOLVE NOMEAR, para o Cargo em Comiss\u00e3o de Assessor Pedag\u00f3gico  N\u00edvel II \u2013 DAS, da Secretaria Municipal de Educa\u00e7\u00e3o, Ci\u00eancia, Tecnologia, e Inova\u00e7\u00e3o,  o Sr. GILDEAN FARIAS CARDOSO"},"content":{"rendered":"","protected":false},"excerpt":{"rendered":"","protected":false},"author":6,"featured_media":0,"comment_status":"open","ping_status":"closed","sticky":false,"template":"","format":"standard","meta":{"_acf_changed":false,"footnotes":""},"categories":[4],"tags":[],"mes":[26],"ano":[21],"secretarias":[],"class_list":["post-14360","post","type-post","status-publish","format-standard","hentry","category-portarias","mes-marco","ano-21"],"acf":{"documento":"https:\/\/saobernardo.ma.gov.br\/transparencia\/wp-content\/uploads\/2023\/03\/PORTARIA-No-469-nomeacao-de-Gildean-Farias-CArdoso-como-Assessor-Pedagogico-Nivel-II-da-Educacao.pdf","link_csv":"","situacao_da_portaria":"ATIVA"},"_links":{"self":[{"href":"https:\/\/saobernardo.ma.gov.br\/transparencia\/wp-json\/wp\/v2\/posts\/14360","targetHints":{"allow":["GET"]}}],"collection":[{"href":"https:\/\/saobernardo.ma.gov.br\/transparencia\/wp-json\/wp\/v2\/posts"}],"about":[{"href":"https:\/\/saobernardo.ma.gov.br\/transparencia\/wp-json\/wp\/v2\/types\/post"}],"author":[{"embeddable":true,"href":"https:\/\/saobernardo.ma.gov.br\/transparencia\/wp-json\/wp\/v2\/users\/6"}],"replies":[{"embeddable":true,"href":"https:\/\/saobernardo.ma.gov.br\/transparencia\/wp-json\/wp\/v2\/comments?post=14360"}],"version-history":[{"count":1,"href":"https:\/\/saobernardo.ma.gov.br\/transparencia\/wp-json\/wp\/v2\/posts\/14360\/revisions"}],"predecessor-version":[{"id":14362,"href":"https:\/\/saobernardo.ma.gov.br\/transparencia\/wp-json\/wp\/v2\/posts\/14360\/revisions\/14362"}],"wp:attachment":[{"href":"https:\/\/saobernardo.ma.gov.br\/transparencia\/wp-json\/wp\/v2\/media?parent=14360"}],"wp:term":[{"taxonomy":"category","embeddable":true,"href":"https:\/\/saobernardo.ma.gov.br\/transparencia\/wp-json\/wp\/v2\/categories?post=14360"},{"taxonomy":"post_tag","embeddable":true,"href":"https:\/\/saobernardo.ma.gov.br\/transparencia\/wp-json\/wp\/v2\/tags?post=14360"},{"taxonomy":"mes","embeddable":true,"href":"https:\/\/saobernardo.ma.gov.br\/transparencia\/wp-json\/wp\/v2\/mes?post=14360"},{"taxonomy":"ano","embeddable":true,"href":"https:\/\/saobernardo.ma.gov.br\/transparencia\/wp-json\/wp\/v2\/ano?post=14360"},{"taxonomy":"secretarias","embeddable":true,"href":"https:\/\/saobernardo.ma.gov.br\/transparencia\/wp-json\/wp\/v2\/secretarias?post=14360"}],"curies":[{"name":"wp","href":"https:\/\/api.w.org\/{rel}","templated":true}]}}