 {"id":14376,"date":"2023-03-24T10:13:56","date_gmt":"2023-03-24T13:13:56","guid":{"rendered":"https:\/\/saobernardo.ma.gov.br\/transparencia\/?p=14376"},"modified":"2023-06-13T15:23:02","modified_gmt":"2023-06-13T18:23:02","slug":"portaria-no-474-de-23-de-marco-de-2023-resolve-nomear-para-o-cargo-em-comissao-de-assessor-juridico-dans-da-procuradoria-geral-do-municipio-o-sr-jose-de-alencar-soares-junior","status":"publish","type":"post","link":"https:\/\/saobernardo.ma.gov.br\/transparencia\/portarias\/portaria-no-474-de-23-de-marco-de-2023-resolve-nomear-para-o-cargo-em-comissao-de-assessor-juridico-dans-da-procuradoria-geral-do-municipio-o-sr-jose-de-alencar-soares-junior\/","title":{"rendered":"PORTARIA N\u00ba 474, DE 23 DE MAR\u00c7O DE 2023 &#8211; RESOLVE NOMEAR, para o Cargo em Comiss\u00e3o de Assessor Jur\u00eddico &#8211; DANS, da Procuradoria Geral do Munic\u00edpio, o Sr. JOS\u00c9 DE ALENCAR SOARES  J\u00daNIOR"},"content":{"rendered":"","protected":false},"excerpt":{"rendered":"","protected":false},"author":6,"featured_media":0,"comment_status":"open","ping_status":"closed","sticky":false,"template":"","format":"standard","meta":{"_acf_changed":false,"footnotes":""},"categories":[4],"tags":[],"mes":[26],"ano":[21],"secretarias":[],"class_list":["post-14376","post","type-post","status-publish","format-standard","hentry","category-portarias","mes-marco","ano-21"],"acf":{"documento":"https:\/\/saobernardo.ma.gov.br\/transparencia\/wp-content\/uploads\/2023\/03\/PORTARIA-No-474-nomeacao-de-Jose-de-Alencar-Soares-Junior-como-Assessor-Juridico-da-procuradoria-Geral-1-1.pdf","link_csv":"","situacao_da_portaria":"ATIVA"},"_links":{"self":[{"href":"https:\/\/saobernardo.ma.gov.br\/transparencia\/wp-json\/wp\/v2\/posts\/14376","targetHints":{"allow":["GET"]}}],"collection":[{"href":"https:\/\/saobernardo.ma.gov.br\/transparencia\/wp-json\/wp\/v2\/posts"}],"about":[{"href":"https:\/\/saobernardo.ma.gov.br\/transparencia\/wp-json\/wp\/v2\/types\/post"}],"author":[{"embeddable":true,"href":"https:\/\/saobernardo.ma.gov.br\/transparencia\/wp-json\/wp\/v2\/users\/6"}],"replies":[{"embeddable":true,"href":"https:\/\/saobernardo.ma.gov.br\/transparencia\/wp-json\/wp\/v2\/comments?post=14376"}],"version-history":[{"count":2,"href":"https:\/\/saobernardo.ma.gov.br\/transparencia\/wp-json\/wp\/v2\/posts\/14376\/revisions"}],"predecessor-version":[{"id":14385,"href":"https:\/\/saobernardo.ma.gov.br\/transparencia\/wp-json\/wp\/v2\/posts\/14376\/revisions\/14385"}],"wp:attachment":[{"href":"https:\/\/saobernardo.ma.gov.br\/transparencia\/wp-json\/wp\/v2\/media?parent=14376"}],"wp:term":[{"taxonomy":"category","embeddable":true,"href":"https:\/\/saobernardo.ma.gov.br\/transparencia\/wp-json\/wp\/v2\/categories?post=14376"},{"taxonomy":"post_tag","embeddable":true,"href":"https:\/\/saobernardo.ma.gov.br\/transparencia\/wp-json\/wp\/v2\/tags?post=14376"},{"taxonomy":"mes","embeddable":true,"href":"https:\/\/saobernardo.ma.gov.br\/transparencia\/wp-json\/wp\/v2\/mes?post=14376"},{"taxonomy":"ano","embeddable":true,"href":"https:\/\/saobernardo.ma.gov.br\/transparencia\/wp-json\/wp\/v2\/ano?post=14376"},{"taxonomy":"secretarias","embeddable":true,"href":"https:\/\/saobernardo.ma.gov.br\/transparencia\/wp-json\/wp\/v2\/secretarias?post=14376"}],"curies":[{"name":"wp","href":"https:\/\/api.w.org\/{rel}","templated":true}]}}