 {"id":14425,"date":"2023-03-27T09:01:42","date_gmt":"2023-03-27T12:01:42","guid":{"rendered":"https:\/\/saobernardo.ma.gov.br\/transparencia\/?p=14425"},"modified":"2023-06-15T10:46:38","modified_gmt":"2023-06-15T13:46:38","slug":"portaria-no-484-de-24-de-marco-de-2023-resolve-exonerar-do-cargo-em-comissao-de-coordenador-pedagogico-do-polo-vii-a-sra-selene-ferreira-machado","status":"publish","type":"post","link":"https:\/\/saobernardo.ma.gov.br\/transparencia\/portarias\/portaria-no-484-de-24-de-marco-de-2023-resolve-exonerar-do-cargo-em-comissao-de-coordenador-pedagogico-do-polo-vii-a-sra-selene-ferreira-machado\/","title":{"rendered":"PORTARIA N\u00ba 484, DE 24 DE MAR\u00c7O DE 2023 &#8211; RESOLVE EXONERAR, do Cargo em Comiss\u00e3o de Coordenador  Pedag\u00f3gico, do Polo VII, a Sra. SELENE FERREIRA MACHADO"},"content":{"rendered":"","protected":false},"excerpt":{"rendered":"","protected":false},"author":6,"featured_media":0,"comment_status":"open","ping_status":"closed","sticky":false,"template":"","format":"standard","meta":{"_acf_changed":false,"footnotes":""},"categories":[4],"tags":[],"mes":[26],"ano":[21],"secretarias":[],"class_list":["post-14425","post","type-post","status-publish","format-standard","hentry","category-portarias","mes-marco","ano-21"],"acf":{"documento":"https:\/\/saobernardo.ma.gov.br\/transparencia\/wp-content\/uploads\/2023\/03\/PORTARIA-No-484-EXONERACAO-DE-SELENE-FERREIRA-MACHADO-COMO-COORDENADORA-PEDAGOGICO-DO-POLO-VII.pdf","link_csv":"","situacao_da_portaria":"ATIVA"},"_links":{"self":[{"href":"https:\/\/saobernardo.ma.gov.br\/transparencia\/wp-json\/wp\/v2\/posts\/14425","targetHints":{"allow":["GET"]}}],"collection":[{"href":"https:\/\/saobernardo.ma.gov.br\/transparencia\/wp-json\/wp\/v2\/posts"}],"about":[{"href":"https:\/\/saobernardo.ma.gov.br\/transparencia\/wp-json\/wp\/v2\/types\/post"}],"author":[{"embeddable":true,"href":"https:\/\/saobernardo.ma.gov.br\/transparencia\/wp-json\/wp\/v2\/users\/6"}],"replies":[{"embeddable":true,"href":"https:\/\/saobernardo.ma.gov.br\/transparencia\/wp-json\/wp\/v2\/comments?post=14425"}],"version-history":[{"count":1,"href":"https:\/\/saobernardo.ma.gov.br\/transparencia\/wp-json\/wp\/v2\/posts\/14425\/revisions"}],"predecessor-version":[{"id":14427,"href":"https:\/\/saobernardo.ma.gov.br\/transparencia\/wp-json\/wp\/v2\/posts\/14425\/revisions\/14427"}],"wp:attachment":[{"href":"https:\/\/saobernardo.ma.gov.br\/transparencia\/wp-json\/wp\/v2\/media?parent=14425"}],"wp:term":[{"taxonomy":"category","embeddable":true,"href":"https:\/\/saobernardo.ma.gov.br\/transparencia\/wp-json\/wp\/v2\/categories?post=14425"},{"taxonomy":"post_tag","embeddable":true,"href":"https:\/\/saobernardo.ma.gov.br\/transparencia\/wp-json\/wp\/v2\/tags?post=14425"},{"taxonomy":"mes","embeddable":true,"href":"https:\/\/saobernardo.ma.gov.br\/transparencia\/wp-json\/wp\/v2\/mes?post=14425"},{"taxonomy":"ano","embeddable":true,"href":"https:\/\/saobernardo.ma.gov.br\/transparencia\/wp-json\/wp\/v2\/ano?post=14425"},{"taxonomy":"secretarias","embeddable":true,"href":"https:\/\/saobernardo.ma.gov.br\/transparencia\/wp-json\/wp\/v2\/secretarias?post=14425"}],"curies":[{"name":"wp","href":"https:\/\/api.w.org\/{rel}","templated":true}]}}