 {"id":14676,"date":"2023-04-26T15:03:13","date_gmt":"2023-04-26T18:03:13","guid":{"rendered":"https:\/\/saobernardo.ma.gov.br\/transparencia\/?p=14676"},"modified":"2023-06-15T10:40:51","modified_gmt":"2023-06-15T13:40:51","slug":"portaria-no-496-de-26-de-abril-de-2023-resolve-nomear-para-o-cargo-em-comissao-de-assessor-juridico-pedagogico-dans-da-secretaria-municipal-de-educacao-ciencia-tecnologia-e-inovacao-a-sra","status":"publish","type":"post","link":"https:\/\/saobernardo.ma.gov.br\/transparencia\/portarias\/portaria-no-496-de-26-de-abril-de-2023-resolve-nomear-para-o-cargo-em-comissao-de-assessor-juridico-pedagogico-dans-da-secretaria-municipal-de-educacao-ciencia-tecnologia-e-inovacao-a-sra\/","title":{"rendered":"PORTARIA N\u00ba 496, DE 26 DE ABRIL DE 2023 &#8211; RESOLVE NOMEAR, para o Cargo em Comiss\u00e3o de Assessor Jur\u00eddico-  Pedag\u00f3gico &#8211; DANS, da Secretaria Municipal de Educa\u00e7\u00e3o, Ci\u00eancia, Tecnologia e Inova\u00e7\u00e3o, a Sra. CYNTHIA SOARES DE CALDAS EWERTON"},"content":{"rendered":"","protected":false},"excerpt":{"rendered":"","protected":false},"author":6,"featured_media":0,"comment_status":"open","ping_status":"closed","sticky":false,"template":"","format":"standard","meta":{"_acf_changed":false,"footnotes":""},"categories":[4],"tags":[],"mes":[27],"ano":[21],"secretarias":[],"class_list":["post-14676","post","type-post","status-publish","format-standard","hentry","category-portarias","mes-abril","ano-21"],"acf":{"documento":"https:\/\/saobernardo.ma.gov.br\/transparencia\/wp-content\/uploads\/2023\/04\/PORTARIA-No-496-nomeacao-de-Cynthia-Soares-de-Caldas-Ewerton-como-Assessora-Juriridica-Pedagogica.pdf","link_csv":"","situacao_da_portaria":"ATIVA"},"_links":{"self":[{"href":"https:\/\/saobernardo.ma.gov.br\/transparencia\/wp-json\/wp\/v2\/posts\/14676","targetHints":{"allow":["GET"]}}],"collection":[{"href":"https:\/\/saobernardo.ma.gov.br\/transparencia\/wp-json\/wp\/v2\/posts"}],"about":[{"href":"https:\/\/saobernardo.ma.gov.br\/transparencia\/wp-json\/wp\/v2\/types\/post"}],"author":[{"embeddable":true,"href":"https:\/\/saobernardo.ma.gov.br\/transparencia\/wp-json\/wp\/v2\/users\/6"}],"replies":[{"embeddable":true,"href":"https:\/\/saobernardo.ma.gov.br\/transparencia\/wp-json\/wp\/v2\/comments?post=14676"}],"version-history":[{"count":1,"href":"https:\/\/saobernardo.ma.gov.br\/transparencia\/wp-json\/wp\/v2\/posts\/14676\/revisions"}],"predecessor-version":[{"id":14678,"href":"https:\/\/saobernardo.ma.gov.br\/transparencia\/wp-json\/wp\/v2\/posts\/14676\/revisions\/14678"}],"wp:attachment":[{"href":"https:\/\/saobernardo.ma.gov.br\/transparencia\/wp-json\/wp\/v2\/media?parent=14676"}],"wp:term":[{"taxonomy":"category","embeddable":true,"href":"https:\/\/saobernardo.ma.gov.br\/transparencia\/wp-json\/wp\/v2\/categories?post=14676"},{"taxonomy":"post_tag","embeddable":true,"href":"https:\/\/saobernardo.ma.gov.br\/transparencia\/wp-json\/wp\/v2\/tags?post=14676"},{"taxonomy":"mes","embeddable":true,"href":"https:\/\/saobernardo.ma.gov.br\/transparencia\/wp-json\/wp\/v2\/mes?post=14676"},{"taxonomy":"ano","embeddable":true,"href":"https:\/\/saobernardo.ma.gov.br\/transparencia\/wp-json\/wp\/v2\/ano?post=14676"},{"taxonomy":"secretarias","embeddable":true,"href":"https:\/\/saobernardo.ma.gov.br\/transparencia\/wp-json\/wp\/v2\/secretarias?post=14676"}],"curies":[{"name":"wp","href":"https:\/\/api.w.org\/{rel}","templated":true}]}}