 {"id":15028,"date":"2023-06-07T12:03:30","date_gmt":"2023-06-07T15:03:30","guid":{"rendered":"https:\/\/saobernardo.ma.gov.br\/transparencia\/?p=15028"},"modified":"2023-06-15T10:31:46","modified_gmt":"2023-06-15T13:31:46","slug":"portaria-no-04-2023-semecti-institui-o-programa-municipal-de-lavagem-de-maos-e-higiene-para-criancas-e-adolescentes-na-pre-escola-e-series-inicias-do-ensino-fundamental","status":"publish","type":"post","link":"https:\/\/saobernardo.ma.gov.br\/transparencia\/portarias\/portaria-no-04-2023-semecti-institui-o-programa-municipal-de-lavagem-de-maos-e-higiene-para-criancas-e-adolescentes-na-pre-escola-e-series-inicias-do-ensino-fundamental\/","title":{"rendered":"PORTARIA N\u00ba. 04\/2023-SEMECTI &#8211; Institui o Programa Municipal de Lavagem de M\u00e3os e Higiene para crian\u00e7as e adolescentes na pr\u00e9-escola e s\u00e9ries inicias do ensino fundamental."},"content":{"rendered":"","protected":false},"excerpt":{"rendered":"","protected":false},"author":6,"featured_media":0,"comment_status":"open","ping_status":"closed","sticky":false,"template":"","format":"standard","meta":{"_acf_changed":false,"footnotes":""},"categories":[4],"tags":[],"mes":[29],"ano":[21],"secretarias":[],"class_list":["post-15028","post","type-post","status-publish","format-standard","hentry","category-portarias","mes-junho","ano-21"],"acf":{"documento":"https:\/\/saobernardo.ma.gov.br\/transparencia\/wp-content\/uploads\/2023\/06\/MINUTA-PORTARIA-PROGRAMA-LAVAGEM-DAS-MAOS-SAO-BERNARDO.pdf","link_csv":"","situacao_da_portaria":"ATIVA"},"_links":{"self":[{"href":"https:\/\/saobernardo.ma.gov.br\/transparencia\/wp-json\/wp\/v2\/posts\/15028","targetHints":{"allow":["GET"]}}],"collection":[{"href":"https:\/\/saobernardo.ma.gov.br\/transparencia\/wp-json\/wp\/v2\/posts"}],"about":[{"href":"https:\/\/saobernardo.ma.gov.br\/transparencia\/wp-json\/wp\/v2\/types\/post"}],"author":[{"embeddable":true,"href":"https:\/\/saobernardo.ma.gov.br\/transparencia\/wp-json\/wp\/v2\/users\/6"}],"replies":[{"embeddable":true,"href":"https:\/\/saobernardo.ma.gov.br\/transparencia\/wp-json\/wp\/v2\/comments?post=15028"}],"version-history":[{"count":1,"href":"https:\/\/saobernardo.ma.gov.br\/transparencia\/wp-json\/wp\/v2\/posts\/15028\/revisions"}],"predecessor-version":[{"id":15030,"href":"https:\/\/saobernardo.ma.gov.br\/transparencia\/wp-json\/wp\/v2\/posts\/15028\/revisions\/15030"}],"wp:attachment":[{"href":"https:\/\/saobernardo.ma.gov.br\/transparencia\/wp-json\/wp\/v2\/media?parent=15028"}],"wp:term":[{"taxonomy":"category","embeddable":true,"href":"https:\/\/saobernardo.ma.gov.br\/transparencia\/wp-json\/wp\/v2\/categories?post=15028"},{"taxonomy":"post_tag","embeddable":true,"href":"https:\/\/saobernardo.ma.gov.br\/transparencia\/wp-json\/wp\/v2\/tags?post=15028"},{"taxonomy":"mes","embeddable":true,"href":"https:\/\/saobernardo.ma.gov.br\/transparencia\/wp-json\/wp\/v2\/mes?post=15028"},{"taxonomy":"ano","embeddable":true,"href":"https:\/\/saobernardo.ma.gov.br\/transparencia\/wp-json\/wp\/v2\/ano?post=15028"},{"taxonomy":"secretarias","embeddable":true,"href":"https:\/\/saobernardo.ma.gov.br\/transparencia\/wp-json\/wp\/v2\/secretarias?post=15028"}],"curies":[{"name":"wp","href":"https:\/\/api.w.org\/{rel}","templated":true}]}}