 {"id":15142,"date":"2023-06-15T14:45:15","date_gmt":"2023-06-15T17:45:15","guid":{"rendered":"https:\/\/saobernardo.ma.gov.br\/transparencia\/?p=15142"},"modified":"2023-06-21T11:31:53","modified_gmt":"2023-06-21T14:31:53","slug":"decreto-municipal-no-209-de-15-de-junho-de-2023-declara-luto-oficial-pelo-falecimento-do-dr-ismar-marques-filho-nas-reparticoes-publicas-municipais-e-da-outras-providencias","status":"publish","type":"post","link":"https:\/\/saobernardo.ma.gov.br\/transparencia\/decretos\/decreto-municipal-no-209-de-15-de-junho-de-2023-declara-luto-oficial-pelo-falecimento-do-dr-ismar-marques-filho-nas-reparticoes-publicas-municipais-e-da-outras-providencias\/","title":{"rendered":"DECRETO MUNICIPAL N\u00ba 209, DE 15 DE JUNHO DE 2023 &#8211; \u201cDeclara luto oficial pelo falecimento do Dr. Ismar Marques Filho, nas reparti\u00e7\u00f5es p\u00fablicas municipais, e d\u00e1 outras provid\u00eancias.\u201d"},"content":{"rendered":"","protected":false},"excerpt":{"rendered":"","protected":false},"author":6,"featured_media":0,"comment_status":"open","ping_status":"closed","sticky":false,"template":"","format":"standard","meta":{"_acf_changed":false,"footnotes":""},"categories":[3],"tags":[],"mes":[29],"ano":[],"secretarias":[],"class_list":["post-15142","post","type-post","status-publish","format-standard","hentry","category-decretos","mes-junho"],"acf":{"documento":"https:\/\/saobernardo.ma.gov.br\/transparencia\/wp-content\/uploads\/2023\/06\/DECRETO-No-209-LUTO-OFICIAL-POR-FALECIMENTO.pdf","link_csv":""},"_links":{"self":[{"href":"https:\/\/saobernardo.ma.gov.br\/transparencia\/wp-json\/wp\/v2\/posts\/15142","targetHints":{"allow":["GET"]}}],"collection":[{"href":"https:\/\/saobernardo.ma.gov.br\/transparencia\/wp-json\/wp\/v2\/posts"}],"about":[{"href":"https:\/\/saobernardo.ma.gov.br\/transparencia\/wp-json\/wp\/v2\/types\/post"}],"author":[{"embeddable":true,"href":"https:\/\/saobernardo.ma.gov.br\/transparencia\/wp-json\/wp\/v2\/users\/6"}],"replies":[{"embeddable":true,"href":"https:\/\/saobernardo.ma.gov.br\/transparencia\/wp-json\/wp\/v2\/comments?post=15142"}],"version-history":[{"count":1,"href":"https:\/\/saobernardo.ma.gov.br\/transparencia\/wp-json\/wp\/v2\/posts\/15142\/revisions"}],"predecessor-version":[{"id":15144,"href":"https:\/\/saobernardo.ma.gov.br\/transparencia\/wp-json\/wp\/v2\/posts\/15142\/revisions\/15144"}],"wp:attachment":[{"href":"https:\/\/saobernardo.ma.gov.br\/transparencia\/wp-json\/wp\/v2\/media?parent=15142"}],"wp:term":[{"taxonomy":"category","embeddable":true,"href":"https:\/\/saobernardo.ma.gov.br\/transparencia\/wp-json\/wp\/v2\/categories?post=15142"},{"taxonomy":"post_tag","embeddable":true,"href":"https:\/\/saobernardo.ma.gov.br\/transparencia\/wp-json\/wp\/v2\/tags?post=15142"},{"taxonomy":"mes","embeddable":true,"href":"https:\/\/saobernardo.ma.gov.br\/transparencia\/wp-json\/wp\/v2\/mes?post=15142"},{"taxonomy":"ano","embeddable":true,"href":"https:\/\/saobernardo.ma.gov.br\/transparencia\/wp-json\/wp\/v2\/ano?post=15142"},{"taxonomy":"secretarias","embeddable":true,"href":"https:\/\/saobernardo.ma.gov.br\/transparencia\/wp-json\/wp\/v2\/secretarias?post=15142"}],"curies":[{"name":"wp","href":"https:\/\/api.w.org\/{rel}","templated":true}]}}