 {"id":15369,"date":"2022-04-27T09:02:32","date_gmt":"2022-04-27T12:02:32","guid":{"rendered":"https:\/\/saobernardo.ma.gov.br\/transparencia\/?p=15369"},"modified":"2023-07-12T09:05:03","modified_gmt":"2023-07-12T12:05:03","slug":"portaria-no-187de-27-de-abril-de-2022-resolve-nomear-para-o-cargo-em-comissao-de-assessor-pedagogico-nivel-iii-dai-da-secretaria-municipal-de-educacao-semecti-o-sr-antonio-gabriel-sousa-silv","status":"publish","type":"post","link":"https:\/\/saobernardo.ma.gov.br\/transparencia\/portarias\/portaria-no-187de-27-de-abril-de-2022-resolve-nomear-para-o-cargo-em-comissao-de-assessor-pedagogico-nivel-iii-dai-da-secretaria-municipal-de-educacao-semecti-o-sr-antonio-gabriel-sousa-silv\/","title":{"rendered":"PORTARIA N\u00ba 187,DE 27 DE ABRIL DE 2022 &#8211; RESOLVE NOMEAR para o Cargo em Comiss\u00e3o de Assessor Pedag\u00f3gico N\u00edvel III &#8211; DAI, da Secretaria Municipal de Educa\u00e7\u00e3o &#8211; SEMECTI, o Sr. ANTONIO GABRIEL SOUSA SILVA"},"content":{"rendered":"","protected":false},"excerpt":{"rendered":"","protected":false},"author":6,"featured_media":0,"comment_status":"open","ping_status":"closed","sticky":false,"template":"","format":"standard","meta":{"_acf_changed":false,"footnotes":""},"categories":[4],"tags":[],"mes":[30],"ano":[21],"secretarias":[],"class_list":["post-15369","post","type-post","status-publish","format-standard","hentry","category-portarias","mes-julho","ano-21"],"acf":{"documento":"https:\/\/saobernardo.ma.gov.br\/transparencia\/wp-content\/uploads\/2023\/07\/PORTARIA-No-187-DE-27-DE-ABRIL-2022-DE-ANTONIO-GABRIEL-SOUSA-SILVA-COMO-Assessor-Pedagogico-Nivel-III.pdf","link_csv":"","situacao_da_portaria":"ATIVA"},"_links":{"self":[{"href":"https:\/\/saobernardo.ma.gov.br\/transparencia\/wp-json\/wp\/v2\/posts\/15369","targetHints":{"allow":["GET"]}}],"collection":[{"href":"https:\/\/saobernardo.ma.gov.br\/transparencia\/wp-json\/wp\/v2\/posts"}],"about":[{"href":"https:\/\/saobernardo.ma.gov.br\/transparencia\/wp-json\/wp\/v2\/types\/post"}],"author":[{"embeddable":true,"href":"https:\/\/saobernardo.ma.gov.br\/transparencia\/wp-json\/wp\/v2\/users\/6"}],"replies":[{"embeddable":true,"href":"https:\/\/saobernardo.ma.gov.br\/transparencia\/wp-json\/wp\/v2\/comments?post=15369"}],"version-history":[{"count":1,"href":"https:\/\/saobernardo.ma.gov.br\/transparencia\/wp-json\/wp\/v2\/posts\/15369\/revisions"}],"predecessor-version":[{"id":15371,"href":"https:\/\/saobernardo.ma.gov.br\/transparencia\/wp-json\/wp\/v2\/posts\/15369\/revisions\/15371"}],"wp:attachment":[{"href":"https:\/\/saobernardo.ma.gov.br\/transparencia\/wp-json\/wp\/v2\/media?parent=15369"}],"wp:term":[{"taxonomy":"category","embeddable":true,"href":"https:\/\/saobernardo.ma.gov.br\/transparencia\/wp-json\/wp\/v2\/categories?post=15369"},{"taxonomy":"post_tag","embeddable":true,"href":"https:\/\/saobernardo.ma.gov.br\/transparencia\/wp-json\/wp\/v2\/tags?post=15369"},{"taxonomy":"mes","embeddable":true,"href":"https:\/\/saobernardo.ma.gov.br\/transparencia\/wp-json\/wp\/v2\/mes?post=15369"},{"taxonomy":"ano","embeddable":true,"href":"https:\/\/saobernardo.ma.gov.br\/transparencia\/wp-json\/wp\/v2\/ano?post=15369"},{"taxonomy":"secretarias","embeddable":true,"href":"https:\/\/saobernardo.ma.gov.br\/transparencia\/wp-json\/wp\/v2\/secretarias?post=15369"}],"curies":[{"name":"wp","href":"https:\/\/api.w.org\/{rel}","templated":true}]}}