 {"id":15461,"date":"2023-07-26T12:38:42","date_gmt":"2023-07-26T15:38:42","guid":{"rendered":"https:\/\/saobernardo.ma.gov.br\/transparencia\/?p=15461"},"modified":"2023-08-25T17:18:14","modified_gmt":"2023-08-25T20:18:14","slug":"decreto-municipal-no-218-de-26-de-julho-2023-nstitui-a-coordenadoria-de-fortalecimento-da-alfabetizacao-e-de-regime-de-colaboracao-e-da-outras-providencias","status":"publish","type":"post","link":"https:\/\/saobernardo.ma.gov.br\/transparencia\/decretos\/decreto-municipal-no-218-de-26-de-julho-2023-nstitui-a-coordenadoria-de-fortalecimento-da-alfabetizacao-e-de-regime-de-colaboracao-e-da-outras-providencias\/","title":{"rendered":"DECRETO MUNICIPAL N\u00ba 218, DE 26 DE JULHO 2023 &#8211; Institui a Coordenadoria de Fortalecimento da Alfabetiza\u00e7\u00e3o e de Regime de Colabora\u00e7\u00e3o e d\u00e1 outras provid\u00eancias."},"content":{"rendered":"","protected":false},"excerpt":{"rendered":"","protected":false},"author":6,"featured_media":0,"comment_status":"open","ping_status":"closed","sticky":false,"template":"","format":"standard","meta":{"_acf_changed":false,"footnotes":""},"categories":[3],"tags":[],"mes":[30],"ano":[21],"secretarias":[],"class_list":["post-15461","post","type-post","status-publish","format-standard","hentry","category-decretos","mes-julho","ano-21"],"acf":{"documento":"https:\/\/saobernardo.ma.gov.br\/transparencia\/wp-content\/uploads\/2023\/07\/DECRETO-218001.pdf","link_csv":""},"_links":{"self":[{"href":"https:\/\/saobernardo.ma.gov.br\/transparencia\/wp-json\/wp\/v2\/posts\/15461","targetHints":{"allow":["GET"]}}],"collection":[{"href":"https:\/\/saobernardo.ma.gov.br\/transparencia\/wp-json\/wp\/v2\/posts"}],"about":[{"href":"https:\/\/saobernardo.ma.gov.br\/transparencia\/wp-json\/wp\/v2\/types\/post"}],"author":[{"embeddable":true,"href":"https:\/\/saobernardo.ma.gov.br\/transparencia\/wp-json\/wp\/v2\/users\/6"}],"replies":[{"embeddable":true,"href":"https:\/\/saobernardo.ma.gov.br\/transparencia\/wp-json\/wp\/v2\/comments?post=15461"}],"version-history":[{"count":2,"href":"https:\/\/saobernardo.ma.gov.br\/transparencia\/wp-json\/wp\/v2\/posts\/15461\/revisions"}],"predecessor-version":[{"id":15687,"href":"https:\/\/saobernardo.ma.gov.br\/transparencia\/wp-json\/wp\/v2\/posts\/15461\/revisions\/15687"}],"wp:attachment":[{"href":"https:\/\/saobernardo.ma.gov.br\/transparencia\/wp-json\/wp\/v2\/media?parent=15461"}],"wp:term":[{"taxonomy":"category","embeddable":true,"href":"https:\/\/saobernardo.ma.gov.br\/transparencia\/wp-json\/wp\/v2\/categories?post=15461"},{"taxonomy":"post_tag","embeddable":true,"href":"https:\/\/saobernardo.ma.gov.br\/transparencia\/wp-json\/wp\/v2\/tags?post=15461"},{"taxonomy":"mes","embeddable":true,"href":"https:\/\/saobernardo.ma.gov.br\/transparencia\/wp-json\/wp\/v2\/mes?post=15461"},{"taxonomy":"ano","embeddable":true,"href":"https:\/\/saobernardo.ma.gov.br\/transparencia\/wp-json\/wp\/v2\/ano?post=15461"},{"taxonomy":"secretarias","embeddable":true,"href":"https:\/\/saobernardo.ma.gov.br\/transparencia\/wp-json\/wp\/v2\/secretarias?post=15461"}],"curies":[{"name":"wp","href":"https:\/\/api.w.org\/{rel}","templated":true}]}}