 {"id":1566,"date":"2019-09-06T12:58:58","date_gmt":"2019-09-06T15:58:58","guid":{"rendered":"http:\/\/saobernardo.ma.gov.br\/transparencia\/?p=1566"},"modified":"2023-06-22T08:54:55","modified_gmt":"2023-06-22T11:54:55","slug":"portaria-n-457-d-06-de-setembro-de-2019-dispoe-sobre-a-nomeacao-do-cargo-em-comissao-de-coordenador-de-cultura-da-secretaria-municipal-de-comunicacao-e-cultura-do-poder-executivo-e-da-outras-p","status":"publish","type":"post","link":"https:\/\/saobernardo.ma.gov.br\/transparencia\/portarias\/portaria-n-457-d-06-de-setembro-de-2019-dispoe-sobre-a-nomeacao-do-cargo-em-comissao-de-coordenador-de-cultura-da-secretaria-municipal-de-comunicacao-e-cultura-do-poder-executivo-e-da-outras-p\/","title":{"rendered":"Portaria N\u00b0 457, d 06 de setembro de 2019, disp\u00f5e sobre a nomea\u00e7\u00e3o do cargo em comiss\u00e3o de coordenador de cultura da secretaria municipal de comunica\u00e7\u00e3o e cultura do poder executivo e d\u00e1 outras provid\u00eancias"},"content":{"rendered":"","protected":false},"excerpt":{"rendered":"","protected":false},"author":2,"featured_media":0,"comment_status":"open","ping_status":"closed","sticky":false,"template":"","format":"standard","meta":{"_acf_changed":false,"footnotes":""},"categories":[4],"tags":[],"mes":[32],"ano":[37],"secretarias":[],"class_list":["post-1566","post","type-post","status-publish","format-standard","hentry","category-portarias","mes-setembro","ano-37"],"acf":{"documento":"https:\/\/saobernardo.ma.gov.br\/transparencia\/wp-content\/uploads\/2019\/09\/portaria-457.pdf","link_csv":"","situacao_da_portaria":"REVOGADA"},"_links":{"self":[{"href":"https:\/\/saobernardo.ma.gov.br\/transparencia\/wp-json\/wp\/v2\/posts\/1566","targetHints":{"allow":["GET"]}}],"collection":[{"href":"https:\/\/saobernardo.ma.gov.br\/transparencia\/wp-json\/wp\/v2\/posts"}],"about":[{"href":"https:\/\/saobernardo.ma.gov.br\/transparencia\/wp-json\/wp\/v2\/types\/post"}],"author":[{"embeddable":true,"href":"https:\/\/saobernardo.ma.gov.br\/transparencia\/wp-json\/wp\/v2\/users\/2"}],"replies":[{"embeddable":true,"href":"https:\/\/saobernardo.ma.gov.br\/transparencia\/wp-json\/wp\/v2\/comments?post=1566"}],"version-history":[{"count":2,"href":"https:\/\/saobernardo.ma.gov.br\/transparencia\/wp-json\/wp\/v2\/posts\/1566\/revisions"}],"predecessor-version":[{"id":10642,"href":"https:\/\/saobernardo.ma.gov.br\/transparencia\/wp-json\/wp\/v2\/posts\/1566\/revisions\/10642"}],"wp:attachment":[{"href":"https:\/\/saobernardo.ma.gov.br\/transparencia\/wp-json\/wp\/v2\/media?parent=1566"}],"wp:term":[{"taxonomy":"category","embeddable":true,"href":"https:\/\/saobernardo.ma.gov.br\/transparencia\/wp-json\/wp\/v2\/categories?post=1566"},{"taxonomy":"post_tag","embeddable":true,"href":"https:\/\/saobernardo.ma.gov.br\/transparencia\/wp-json\/wp\/v2\/tags?post=1566"},{"taxonomy":"mes","embeddable":true,"href":"https:\/\/saobernardo.ma.gov.br\/transparencia\/wp-json\/wp\/v2\/mes?post=1566"},{"taxonomy":"ano","embeddable":true,"href":"https:\/\/saobernardo.ma.gov.br\/transparencia\/wp-json\/wp\/v2\/ano?post=1566"},{"taxonomy":"secretarias","embeddable":true,"href":"https:\/\/saobernardo.ma.gov.br\/transparencia\/wp-json\/wp\/v2\/secretarias?post=1566"}],"curies":[{"name":"wp","href":"https:\/\/api.w.org\/{rel}","templated":true}]}}