 {"id":1569,"date":"2019-09-06T13:00:19","date_gmt":"2019-09-06T16:00:19","guid":{"rendered":"http:\/\/saobernardo.ma.gov.br\/transparencia\/?p=1569"},"modified":"2023-06-22T08:54:55","modified_gmt":"2023-06-22T11:54:55","slug":"portaria-n-446-de-06-de-setembro-de-2019-dispoe-sobre-a-nomeacao-do-cargo-em-comissao-de-chefe-do-diario-oficial-da-secretaria-municipal-de-comunicacao-e-cultura","status":"publish","type":"post","link":"https:\/\/saobernardo.ma.gov.br\/transparencia\/portarias\/portaria-n-446-de-06-de-setembro-de-2019-dispoe-sobre-a-nomeacao-do-cargo-em-comissao-de-chefe-do-diario-oficial-da-secretaria-municipal-de-comunicacao-e-cultura\/","title":{"rendered":"Portaria N\u00b0 446, de 06 de setembro de 2019. Disp\u00f5e sobre a nomea\u00e7\u00e3o do cargo em comiss\u00e3o  de chefe do di\u00e1rio oficial da secretaria municipal de comunica\u00e7\u00e3o e cultura"},"content":{"rendered":"","protected":false},"excerpt":{"rendered":"","protected":false},"author":2,"featured_media":0,"comment_status":"open","ping_status":"closed","sticky":false,"template":"","format":"standard","meta":{"_acf_changed":false,"footnotes":""},"categories":[4],"tags":[],"mes":[32],"ano":[37],"secretarias":[],"class_list":["post-1569","post","type-post","status-publish","format-standard","hentry","category-portarias","mes-setembro","ano-37"],"acf":{"documento":"https:\/\/saobernardo.ma.gov.br\/transparencia\/wp-content\/uploads\/2019\/09\/portaria-n-446.pdf","link_csv":"","situacao_da_portaria":"REVOGADA"},"_links":{"self":[{"href":"https:\/\/saobernardo.ma.gov.br\/transparencia\/wp-json\/wp\/v2\/posts\/1569","targetHints":{"allow":["GET"]}}],"collection":[{"href":"https:\/\/saobernardo.ma.gov.br\/transparencia\/wp-json\/wp\/v2\/posts"}],"about":[{"href":"https:\/\/saobernardo.ma.gov.br\/transparencia\/wp-json\/wp\/v2\/types\/post"}],"author":[{"embeddable":true,"href":"https:\/\/saobernardo.ma.gov.br\/transparencia\/wp-json\/wp\/v2\/users\/2"}],"replies":[{"embeddable":true,"href":"https:\/\/saobernardo.ma.gov.br\/transparencia\/wp-json\/wp\/v2\/comments?post=1569"}],"version-history":[{"count":2,"href":"https:\/\/saobernardo.ma.gov.br\/transparencia\/wp-json\/wp\/v2\/posts\/1569\/revisions"}],"predecessor-version":[{"id":10643,"href":"https:\/\/saobernardo.ma.gov.br\/transparencia\/wp-json\/wp\/v2\/posts\/1569\/revisions\/10643"}],"wp:attachment":[{"href":"https:\/\/saobernardo.ma.gov.br\/transparencia\/wp-json\/wp\/v2\/media?parent=1569"}],"wp:term":[{"taxonomy":"category","embeddable":true,"href":"https:\/\/saobernardo.ma.gov.br\/transparencia\/wp-json\/wp\/v2\/categories?post=1569"},{"taxonomy":"post_tag","embeddable":true,"href":"https:\/\/saobernardo.ma.gov.br\/transparencia\/wp-json\/wp\/v2\/tags?post=1569"},{"taxonomy":"mes","embeddable":true,"href":"https:\/\/saobernardo.ma.gov.br\/transparencia\/wp-json\/wp\/v2\/mes?post=1569"},{"taxonomy":"ano","embeddable":true,"href":"https:\/\/saobernardo.ma.gov.br\/transparencia\/wp-json\/wp\/v2\/ano?post=1569"},{"taxonomy":"secretarias","embeddable":true,"href":"https:\/\/saobernardo.ma.gov.br\/transparencia\/wp-json\/wp\/v2\/secretarias?post=1569"}],"curies":[{"name":"wp","href":"https:\/\/api.w.org\/{rel}","templated":true}]}}