 {"id":15720,"date":"2023-08-29T11:59:07","date_gmt":"2023-08-29T14:59:07","guid":{"rendered":"https:\/\/saobernardo.ma.gov.br\/transparencia\/?p=15720"},"modified":"2023-08-29T11:59:07","modified_gmt":"2023-08-29T14:59:07","slug":"portaria-no-559-de-29-de-agosto-de-2023-resolve-nomear-para-o-cargo-em-comissao-de-coordenador-do-programa-saude-da-mulher-das-da-secretaria-municipal-de-saude-a-sra-soraida-maria-alves-rodr","status":"publish","type":"post","link":"https:\/\/saobernardo.ma.gov.br\/transparencia\/portarias\/portaria-no-559-de-29-de-agosto-de-2023-resolve-nomear-para-o-cargo-em-comissao-de-coordenador-do-programa-saude-da-mulher-das-da-secretaria-municipal-de-saude-a-sra-soraida-maria-alves-rodr\/","title":{"rendered":"PORTARIA N\u00ba 559, DE 29 DE AGOSTO DE 2023 &#8211; RESOLVE NOMEAR, para o Cargo em Comiss\u00e3o de Coordenador do  Programa Sa\u00fade da Mulher &#8211; DAS, da Secretaria Municipal de Sa\u00fade, a Sra. SORAIDA MARIA ALVES RODRIGUES"},"content":{"rendered":"","protected":false},"excerpt":{"rendered":"","protected":false},"author":6,"featured_media":0,"comment_status":"open","ping_status":"closed","sticky":false,"template":"","format":"standard","meta":{"_acf_changed":false,"footnotes":""},"categories":[4],"tags":[],"mes":[31],"ano":[21],"secretarias":[],"class_list":["post-15720","post","type-post","status-publish","format-standard","hentry","category-portarias","mes-agosto","ano-21"],"acf":{"documento":"https:\/\/saobernardo.ma.gov.br\/transparencia\/wp-content\/uploads\/2023\/08\/PORTARIA-No-559-nomeacao-de-SORAIDA-MARIA-ALVES-RODRIGUES-COMO-COORDENADORA-DO-PROGRAMA-SAUDE-DA-MULHER-DA-SECRETARIA-DE-SAUDE.pdf","link_csv":"","situacao_da_portaria":"ATIVA"},"_links":{"self":[{"href":"https:\/\/saobernardo.ma.gov.br\/transparencia\/wp-json\/wp\/v2\/posts\/15720","targetHints":{"allow":["GET"]}}],"collection":[{"href":"https:\/\/saobernardo.ma.gov.br\/transparencia\/wp-json\/wp\/v2\/posts"}],"about":[{"href":"https:\/\/saobernardo.ma.gov.br\/transparencia\/wp-json\/wp\/v2\/types\/post"}],"author":[{"embeddable":true,"href":"https:\/\/saobernardo.ma.gov.br\/transparencia\/wp-json\/wp\/v2\/users\/6"}],"replies":[{"embeddable":true,"href":"https:\/\/saobernardo.ma.gov.br\/transparencia\/wp-json\/wp\/v2\/comments?post=15720"}],"version-history":[{"count":1,"href":"https:\/\/saobernardo.ma.gov.br\/transparencia\/wp-json\/wp\/v2\/posts\/15720\/revisions"}],"predecessor-version":[{"id":15722,"href":"https:\/\/saobernardo.ma.gov.br\/transparencia\/wp-json\/wp\/v2\/posts\/15720\/revisions\/15722"}],"wp:attachment":[{"href":"https:\/\/saobernardo.ma.gov.br\/transparencia\/wp-json\/wp\/v2\/media?parent=15720"}],"wp:term":[{"taxonomy":"category","embeddable":true,"href":"https:\/\/saobernardo.ma.gov.br\/transparencia\/wp-json\/wp\/v2\/categories?post=15720"},{"taxonomy":"post_tag","embeddable":true,"href":"https:\/\/saobernardo.ma.gov.br\/transparencia\/wp-json\/wp\/v2\/tags?post=15720"},{"taxonomy":"mes","embeddable":true,"href":"https:\/\/saobernardo.ma.gov.br\/transparencia\/wp-json\/wp\/v2\/mes?post=15720"},{"taxonomy":"ano","embeddable":true,"href":"https:\/\/saobernardo.ma.gov.br\/transparencia\/wp-json\/wp\/v2\/ano?post=15720"},{"taxonomy":"secretarias","embeddable":true,"href":"https:\/\/saobernardo.ma.gov.br\/transparencia\/wp-json\/wp\/v2\/secretarias?post=15720"}],"curies":[{"name":"wp","href":"https:\/\/api.w.org\/{rel}","templated":true}]}}