 {"id":15883,"date":"2023-09-26T10:29:45","date_gmt":"2023-09-26T13:29:45","guid":{"rendered":"https:\/\/saobernardo.ma.gov.br\/transparencia\/?p=15883"},"modified":"2023-09-26T10:29:45","modified_gmt":"2023-09-26T13:29:45","slug":"portaria-no-566-de-26-de-setembro-de-2023-resolve-exonerar-do-cargo-em-comissao-de-coordenador-pedagogico-da-creche-branca-de-neve-a-sra-ana-claudia-da-conceicao","status":"publish","type":"post","link":"https:\/\/saobernardo.ma.gov.br\/transparencia\/portarias\/portaria-no-566-de-26-de-setembro-de-2023-resolve-exonerar-do-cargo-em-comissao-de-coordenador-pedagogico-da-creche-branca-de-neve-a-sra-ana-claudia-da-conceicao\/","title":{"rendered":"PORTARIA N\u00ba 566, DE 26 DE SETEMBRO DE 2023 &#8211; RESOLVE EXONERAR, do Cargo em Comiss\u00e3o de Coordenador  Pedag\u00f3gico, da Creche Branca de Neve, a Sra. ANA CLAUDIA DA CONCEI\u00c7\u00c3O."},"content":{"rendered":"","protected":false},"excerpt":{"rendered":"","protected":false},"author":6,"featured_media":0,"comment_status":"open","ping_status":"closed","sticky":false,"template":"","format":"standard","meta":{"_acf_changed":false,"footnotes":""},"categories":[4],"tags":[],"mes":[32],"ano":[21],"secretarias":[],"class_list":["post-15883","post","type-post","status-publish","format-standard","hentry","category-portarias","mes-setembro","ano-21"],"acf":{"documento":"https:\/\/saobernardo.ma.gov.br\/transparencia\/wp-content\/uploads\/2023\/09\/PORTARIA-No566-EXONERACAO-DE-ANA-CLAUDIA-DA-CONCEICAO-COMO-COORDENADORA-PEDAGOGICA-DA-CRECHE-BRANCA-DE-NEVE.pdf","link_csv":"","situacao_da_portaria":"ATIVA"},"_links":{"self":[{"href":"https:\/\/saobernardo.ma.gov.br\/transparencia\/wp-json\/wp\/v2\/posts\/15883","targetHints":{"allow":["GET"]}}],"collection":[{"href":"https:\/\/saobernardo.ma.gov.br\/transparencia\/wp-json\/wp\/v2\/posts"}],"about":[{"href":"https:\/\/saobernardo.ma.gov.br\/transparencia\/wp-json\/wp\/v2\/types\/post"}],"author":[{"embeddable":true,"href":"https:\/\/saobernardo.ma.gov.br\/transparencia\/wp-json\/wp\/v2\/users\/6"}],"replies":[{"embeddable":true,"href":"https:\/\/saobernardo.ma.gov.br\/transparencia\/wp-json\/wp\/v2\/comments?post=15883"}],"version-history":[{"count":1,"href":"https:\/\/saobernardo.ma.gov.br\/transparencia\/wp-json\/wp\/v2\/posts\/15883\/revisions"}],"predecessor-version":[{"id":15885,"href":"https:\/\/saobernardo.ma.gov.br\/transparencia\/wp-json\/wp\/v2\/posts\/15883\/revisions\/15885"}],"wp:attachment":[{"href":"https:\/\/saobernardo.ma.gov.br\/transparencia\/wp-json\/wp\/v2\/media?parent=15883"}],"wp:term":[{"taxonomy":"category","embeddable":true,"href":"https:\/\/saobernardo.ma.gov.br\/transparencia\/wp-json\/wp\/v2\/categories?post=15883"},{"taxonomy":"post_tag","embeddable":true,"href":"https:\/\/saobernardo.ma.gov.br\/transparencia\/wp-json\/wp\/v2\/tags?post=15883"},{"taxonomy":"mes","embeddable":true,"href":"https:\/\/saobernardo.ma.gov.br\/transparencia\/wp-json\/wp\/v2\/mes?post=15883"},{"taxonomy":"ano","embeddable":true,"href":"https:\/\/saobernardo.ma.gov.br\/transparencia\/wp-json\/wp\/v2\/ano?post=15883"},{"taxonomy":"secretarias","embeddable":true,"href":"https:\/\/saobernardo.ma.gov.br\/transparencia\/wp-json\/wp\/v2\/secretarias?post=15883"}],"curies":[{"name":"wp","href":"https:\/\/api.w.org\/{rel}","templated":true}]}}