 {"id":15962,"date":"2023-10-04T14:30:04","date_gmt":"2023-10-04T17:30:04","guid":{"rendered":"https:\/\/saobernardo.ma.gov.br\/transparencia\/?p=15962"},"modified":"2023-10-25T14:22:59","modified_gmt":"2023-10-25T17:22:59","slug":"portaria-no-570-de-04-de-outubro-de-2023-resolve-nomear-para-responder-interinamente-pelo-cargo-em-comissao-de-coordenador-geral-de-compras-licitacao-e-logistica-pregoeiro-dans-da-se","status":"publish","type":"post","link":"https:\/\/saobernardo.ma.gov.br\/transparencia\/portarias\/portaria-no-570-de-04-de-outubro-de-2023-resolve-nomear-para-responder-interinamente-pelo-cargo-em-comissao-de-coordenador-geral-de-compras-licitacao-e-logistica-pregoeiro-dans-da-se\/","title":{"rendered":"PORTARIA N\u00ba 570, DE 04 DE OUTUBRO DE 2023 &#8211; RESOLVE NOMEAR, para responder Interinamente como substituto, pelo Cargo em Comiss\u00e3o de Coordenador Geral de Compras, Licita\u00e7\u00e3o e Log\u00edstica \u2013 Pregoeiro -DANS, da Secretaria Municipal de Gest\u00e3o, o Sr. JAKESON DA  CONCEI\u00c7\u00c3O DA SILVA"},"content":{"rendered":"","protected":false},"excerpt":{"rendered":"","protected":false},"author":6,"featured_media":0,"comment_status":"open","ping_status":"closed","sticky":false,"template":"","format":"standard","meta":{"_acf_changed":false,"footnotes":""},"categories":[4],"tags":[],"mes":[33],"ano":[21],"secretarias":[],"class_list":["post-15962","post","type-post","status-publish","format-standard","hentry","category-portarias","mes-outubro","ano-21"],"acf":{"documento":"https:\/\/saobernardo.ma.gov.br\/transparencia\/wp-content\/uploads\/2023\/10\/PORTARIA_No_570_nomeacao_de_Jakeson_da_Conceicao_da_Silva_como_Coordenador_Geral_de_Compras_Logiisti.pdf","link_csv":"","situacao_da_portaria":"ATIVA"},"_links":{"self":[{"href":"https:\/\/saobernardo.ma.gov.br\/transparencia\/wp-json\/wp\/v2\/posts\/15962","targetHints":{"allow":["GET"]}}],"collection":[{"href":"https:\/\/saobernardo.ma.gov.br\/transparencia\/wp-json\/wp\/v2\/posts"}],"about":[{"href":"https:\/\/saobernardo.ma.gov.br\/transparencia\/wp-json\/wp\/v2\/types\/post"}],"author":[{"embeddable":true,"href":"https:\/\/saobernardo.ma.gov.br\/transparencia\/wp-json\/wp\/v2\/users\/6"}],"replies":[{"embeddable":true,"href":"https:\/\/saobernardo.ma.gov.br\/transparencia\/wp-json\/wp\/v2\/comments?post=15962"}],"version-history":[{"count":4,"href":"https:\/\/saobernardo.ma.gov.br\/transparencia\/wp-json\/wp\/v2\/posts\/15962\/revisions"}],"predecessor-version":[{"id":16104,"href":"https:\/\/saobernardo.ma.gov.br\/transparencia\/wp-json\/wp\/v2\/posts\/15962\/revisions\/16104"}],"wp:attachment":[{"href":"https:\/\/saobernardo.ma.gov.br\/transparencia\/wp-json\/wp\/v2\/media?parent=15962"}],"wp:term":[{"taxonomy":"category","embeddable":true,"href":"https:\/\/saobernardo.ma.gov.br\/transparencia\/wp-json\/wp\/v2\/categories?post=15962"},{"taxonomy":"post_tag","embeddable":true,"href":"https:\/\/saobernardo.ma.gov.br\/transparencia\/wp-json\/wp\/v2\/tags?post=15962"},{"taxonomy":"mes","embeddable":true,"href":"https:\/\/saobernardo.ma.gov.br\/transparencia\/wp-json\/wp\/v2\/mes?post=15962"},{"taxonomy":"ano","embeddable":true,"href":"https:\/\/saobernardo.ma.gov.br\/transparencia\/wp-json\/wp\/v2\/ano?post=15962"},{"taxonomy":"secretarias","embeddable":true,"href":"https:\/\/saobernardo.ma.gov.br\/transparencia\/wp-json\/wp\/v2\/secretarias?post=15962"}],"curies":[{"name":"wp","href":"https:\/\/api.w.org\/{rel}","templated":true}]}}