 {"id":16407,"date":"2023-12-06T16:54:11","date_gmt":"2023-12-06T19:54:11","guid":{"rendered":"https:\/\/saobernardo.ma.gov.br\/transparencia\/?p=16407"},"modified":"2023-12-06T16:54:11","modified_gmt":"2023-12-06T19:54:11","slug":"decreto-municipal-no-238-de-06-de-dezembro-de-2023-dispoe-sobre-o-recesso-funcional-das-reparticoes-publicas-do-municipio-de-sao-bernardo-ma-no-periodo-de-23-de-dezembro-de-2023","status":"publish","type":"post","link":"https:\/\/saobernardo.ma.gov.br\/transparencia\/decretos\/decreto-municipal-no-238-de-06-de-dezembro-de-2023-dispoe-sobre-o-recesso-funcional-das-reparticoes-publicas-do-municipio-de-sao-bernardo-ma-no-periodo-de-23-de-dezembro-de-2023\/","title":{"rendered":"DECRETO MUNICIPAL N\u00ba 238, DE 06 DE DEZEMBRO DE 2023 &#8211; \u201cDisp\u00f5e sobre o recesso funcional das reparti\u00e7\u00f5es p\u00fablicas do Munic\u00edpio de S\u00e3o Bernardo \u2013 MA, no per\u00edodo de 23 de dezembro de 2023 a 07 de janeiro de 2024, e d\u00e1 outras provid\u00eancias."},"content":{"rendered":"","protected":false},"excerpt":{"rendered":"","protected":false},"author":6,"featured_media":0,"comment_status":"open","ping_status":"closed","sticky":false,"template":"","format":"standard","meta":{"_acf_changed":false,"footnotes":""},"categories":[3],"tags":[],"mes":[35],"ano":[21],"secretarias":[],"class_list":["post-16407","post","type-post","status-publish","format-standard","hentry","category-decretos","mes-dezembro","ano-21"],"acf":{"documento":"https:\/\/saobernardo.ma.gov.br\/transparencia\/wp-content\/uploads\/2023\/12\/DECRETO-MUNICIPAL-No-238-RECESSO-DE-FINAL-DE-ANO-2023.pdf","link_csv":""},"_links":{"self":[{"href":"https:\/\/saobernardo.ma.gov.br\/transparencia\/wp-json\/wp\/v2\/posts\/16407","targetHints":{"allow":["GET"]}}],"collection":[{"href":"https:\/\/saobernardo.ma.gov.br\/transparencia\/wp-json\/wp\/v2\/posts"}],"about":[{"href":"https:\/\/saobernardo.ma.gov.br\/transparencia\/wp-json\/wp\/v2\/types\/post"}],"author":[{"embeddable":true,"href":"https:\/\/saobernardo.ma.gov.br\/transparencia\/wp-json\/wp\/v2\/users\/6"}],"replies":[{"embeddable":true,"href":"https:\/\/saobernardo.ma.gov.br\/transparencia\/wp-json\/wp\/v2\/comments?post=16407"}],"version-history":[{"count":1,"href":"https:\/\/saobernardo.ma.gov.br\/transparencia\/wp-json\/wp\/v2\/posts\/16407\/revisions"}],"predecessor-version":[{"id":16409,"href":"https:\/\/saobernardo.ma.gov.br\/transparencia\/wp-json\/wp\/v2\/posts\/16407\/revisions\/16409"}],"wp:attachment":[{"href":"https:\/\/saobernardo.ma.gov.br\/transparencia\/wp-json\/wp\/v2\/media?parent=16407"}],"wp:term":[{"taxonomy":"category","embeddable":true,"href":"https:\/\/saobernardo.ma.gov.br\/transparencia\/wp-json\/wp\/v2\/categories?post=16407"},{"taxonomy":"post_tag","embeddable":true,"href":"https:\/\/saobernardo.ma.gov.br\/transparencia\/wp-json\/wp\/v2\/tags?post=16407"},{"taxonomy":"mes","embeddable":true,"href":"https:\/\/saobernardo.ma.gov.br\/transparencia\/wp-json\/wp\/v2\/mes?post=16407"},{"taxonomy":"ano","embeddable":true,"href":"https:\/\/saobernardo.ma.gov.br\/transparencia\/wp-json\/wp\/v2\/ano?post=16407"},{"taxonomy":"secretarias","embeddable":true,"href":"https:\/\/saobernardo.ma.gov.br\/transparencia\/wp-json\/wp\/v2\/secretarias?post=16407"}],"curies":[{"name":"wp","href":"https:\/\/api.w.org\/{rel}","templated":true}]}}