 {"id":16896,"date":"2024-01-19T10:57:13","date_gmt":"2024-01-19T13:57:13","guid":{"rendered":"https:\/\/saobernardo.ma.gov.br\/transparencia\/?p=16896"},"modified":"2024-01-19T10:57:13","modified_gmt":"2024-01-19T13:57:13","slug":"portaria-no-01-de-08-de-janeiro-de-2024-gab-semecti-resolve-nomear-a-equipe-tecnica-responsavel-pelo-programa-de-educacao-em-tempo-integral-para-realizacao-do-planejamento-acompanhamento-peda","status":"publish","type":"post","link":"https:\/\/saobernardo.ma.gov.br\/transparencia\/portarias\/portaria-no-01-de-08-de-janeiro-de-2024-gab-semecti-resolve-nomear-a-equipe-tecnica-responsavel-pelo-programa-de-educacao-em-tempo-integral-para-realizacao-do-planejamento-acompanhamento-peda\/","title":{"rendered":"PORTARIA N\u00ba 01, DE 08 DE JANEIRO DE 2024- GAB. SEMECTI &#8211; RESOLVE  NOMEAR, a Equipe T\u00e9cnica respons\u00e1vel pelo Programa de Educa\u00e7\u00e3o em Tempo Integral, para realiza\u00e7\u00e3o do planejamento, acompanhamento pedag\u00f3gico e log\u00edstica e execu\u00e7\u00e3o do programa, gest\u00e3o de insumos e recursos para a oferta com qualidade da jornada em Tempo Integral, no \u00e2mbito do munic\u00edpio de S\u00c3O BERNARDO -MA."},"content":{"rendered":"","protected":false},"excerpt":{"rendered":"","protected":false},"author":6,"featured_media":0,"comment_status":"open","ping_status":"closed","sticky":false,"template":"","format":"standard","meta":{"_acf_changed":false,"footnotes":""},"categories":[4],"tags":[],"mes":[24],"ano":[],"secretarias":[],"class_list":["post-16896","post","type-post","status-publish","format-standard","hentry","category-portarias","mes-janeiro"],"acf":{"documento":"https:\/\/saobernardo.ma.gov.br\/transparencia\/wp-content\/uploads\/2024\/01\/1-PORTARIANo-01-2024-EQUIPE-MAIS-INTEGRAL-SAO-BERNARDO.pdf","link_csv":"","situacao_da_portaria":"ATIVA"},"_links":{"self":[{"href":"https:\/\/saobernardo.ma.gov.br\/transparencia\/wp-json\/wp\/v2\/posts\/16896","targetHints":{"allow":["GET"]}}],"collection":[{"href":"https:\/\/saobernardo.ma.gov.br\/transparencia\/wp-json\/wp\/v2\/posts"}],"about":[{"href":"https:\/\/saobernardo.ma.gov.br\/transparencia\/wp-json\/wp\/v2\/types\/post"}],"author":[{"embeddable":true,"href":"https:\/\/saobernardo.ma.gov.br\/transparencia\/wp-json\/wp\/v2\/users\/6"}],"replies":[{"embeddable":true,"href":"https:\/\/saobernardo.ma.gov.br\/transparencia\/wp-json\/wp\/v2\/comments?post=16896"}],"version-history":[{"count":1,"href":"https:\/\/saobernardo.ma.gov.br\/transparencia\/wp-json\/wp\/v2\/posts\/16896\/revisions"}],"predecessor-version":[{"id":16898,"href":"https:\/\/saobernardo.ma.gov.br\/transparencia\/wp-json\/wp\/v2\/posts\/16896\/revisions\/16898"}],"wp:attachment":[{"href":"https:\/\/saobernardo.ma.gov.br\/transparencia\/wp-json\/wp\/v2\/media?parent=16896"}],"wp:term":[{"taxonomy":"category","embeddable":true,"href":"https:\/\/saobernardo.ma.gov.br\/transparencia\/wp-json\/wp\/v2\/categories?post=16896"},{"taxonomy":"post_tag","embeddable":true,"href":"https:\/\/saobernardo.ma.gov.br\/transparencia\/wp-json\/wp\/v2\/tags?post=16896"},{"taxonomy":"mes","embeddable":true,"href":"https:\/\/saobernardo.ma.gov.br\/transparencia\/wp-json\/wp\/v2\/mes?post=16896"},{"taxonomy":"ano","embeddable":true,"href":"https:\/\/saobernardo.ma.gov.br\/transparencia\/wp-json\/wp\/v2\/ano?post=16896"},{"taxonomy":"secretarias","embeddable":true,"href":"https:\/\/saobernardo.ma.gov.br\/transparencia\/wp-json\/wp\/v2\/secretarias?post=16896"}],"curies":[{"name":"wp","href":"https:\/\/api.w.org\/{rel}","templated":true}]}}