 {"id":16919,"date":"2024-01-22T16:12:40","date_gmt":"2024-01-22T19:12:40","guid":{"rendered":"https:\/\/saobernardo.ma.gov.br\/transparencia\/?p=16919"},"modified":"2026-04-23T11:20:53","modified_gmt":"2026-04-23T14:20:53","slug":"portaria-no-669-de-22-de-janeiro-de-2024-resolve-exonerar-do-cargo-em-comissao-de-assessor-pedagogico-nivel-ii-da-secretaria-municipal-de-educacao-ciencia-tecnologia-e-inovacao-a-sra-abilene","status":"publish","type":"post","link":"https:\/\/saobernardo.ma.gov.br\/transparencia\/portarias\/portaria-no-669-de-22-de-janeiro-de-2024-resolve-exonerar-do-cargo-em-comissao-de-assessor-pedagogico-nivel-ii-da-secretaria-municipal-de-educacao-ciencia-tecnologia-e-inovacao-a-sra-abilene\/","title":{"rendered":"PORTARIA N\u00ba 669, DE 22 DE JANEIRO DE 2024 &#8211; RESOLVE EXONERAR, do Cargo em Comiss\u00e3o de Assessor Pedag\u00f3gico  N\u00edvel II, da Secretaria Municipal de Educa\u00e7\u00e3o, Ci\u00eancia, Tecnologia e Inova\u00e7\u00e3o, a Sra. ABILENE OLIVEIRA DE SOUSA."},"content":{"rendered":"","protected":false},"excerpt":{"rendered":"","protected":false},"author":6,"featured_media":0,"comment_status":"open","ping_status":"closed","sticky":false,"template":"","format":"standard","meta":{"_acf_changed":false,"footnotes":""},"categories":[4],"tags":[],"mes":[24],"ano":[60],"secretarias":[],"class_list":["post-16919","post","type-post","status-publish","format-standard","hentry","category-portarias","mes-janeiro","ano-60"],"acf":{"documento":"https:\/\/saobernardo.ma.gov.br\/transparencia\/wp-content\/uploads\/2024\/01\/PORTARIA-No-669-EXONERACAO-DE-ABILENE-ILIVEIRA-SOUSA-COMO-ASSESSORA-PEDAGOGICA-NIVEL-II.pdf","link_csv":"","situacao_da_portaria":"ATIVA","numero_do_documento":"2025","descricao":"Portaria","urldoarquivo":"https:\/\/saobernardo.ma.gov.br\/transparencia\/wp-content\/uploads\/2024\/01\/PORTARIA-No-669-EXONERACAO-DE-ABILENE-ILIVEIRA-SOUSA-COMO-ASSESSORA-PEDAGOGICA-NIVEL-II-1.pdf"},"_links":{"self":[{"href":"https:\/\/saobernardo.ma.gov.br\/transparencia\/wp-json\/wp\/v2\/posts\/16919","targetHints":{"allow":["GET"]}}],"collection":[{"href":"https:\/\/saobernardo.ma.gov.br\/transparencia\/wp-json\/wp\/v2\/posts"}],"about":[{"href":"https:\/\/saobernardo.ma.gov.br\/transparencia\/wp-json\/wp\/v2\/types\/post"}],"author":[{"embeddable":true,"href":"https:\/\/saobernardo.ma.gov.br\/transparencia\/wp-json\/wp\/v2\/users\/6"}],"replies":[{"embeddable":true,"href":"https:\/\/saobernardo.ma.gov.br\/transparencia\/wp-json\/wp\/v2\/comments?post=16919"}],"version-history":[{"count":2,"href":"https:\/\/saobernardo.ma.gov.br\/transparencia\/wp-json\/wp\/v2\/posts\/16919\/revisions"}],"predecessor-version":[{"id":25329,"href":"https:\/\/saobernardo.ma.gov.br\/transparencia\/wp-json\/wp\/v2\/posts\/16919\/revisions\/25329"}],"wp:attachment":[{"href":"https:\/\/saobernardo.ma.gov.br\/transparencia\/wp-json\/wp\/v2\/media?parent=16919"}],"wp:term":[{"taxonomy":"category","embeddable":true,"href":"https:\/\/saobernardo.ma.gov.br\/transparencia\/wp-json\/wp\/v2\/categories?post=16919"},{"taxonomy":"post_tag","embeddable":true,"href":"https:\/\/saobernardo.ma.gov.br\/transparencia\/wp-json\/wp\/v2\/tags?post=16919"},{"taxonomy":"mes","embeddable":true,"href":"https:\/\/saobernardo.ma.gov.br\/transparencia\/wp-json\/wp\/v2\/mes?post=16919"},{"taxonomy":"ano","embeddable":true,"href":"https:\/\/saobernardo.ma.gov.br\/transparencia\/wp-json\/wp\/v2\/ano?post=16919"},{"taxonomy":"secretarias","embeddable":true,"href":"https:\/\/saobernardo.ma.gov.br\/transparencia\/wp-json\/wp\/v2\/secretarias?post=16919"}],"curies":[{"name":"wp","href":"https:\/\/api.w.org\/{rel}","templated":true}]}}