 {"id":16948,"date":"2024-01-23T10:47:57","date_gmt":"2024-01-23T13:47:57","guid":{"rendered":"https:\/\/saobernardo.ma.gov.br\/transparencia\/?p=16948"},"modified":"2026-04-23T12:39:30","modified_gmt":"2026-04-23T15:39:30","slug":"portaria-no-673-de-23-de-janeiro-de-2024-resolve-nomear-para-o-cargo-em-comissao-de-inspetor-escolar-dai-da-escola-municipal-unidade-integrada-profa-celia-cristina-pereira-dos-reis-o-sr-kev","status":"publish","type":"post","link":"https:\/\/saobernardo.ma.gov.br\/transparencia\/portarias\/portaria-no-673-de-23-de-janeiro-de-2024-resolve-nomear-para-o-cargo-em-comissao-de-inspetor-escolar-dai-da-escola-municipal-unidade-integrada-profa-celia-cristina-pereira-dos-reis-o-sr-kev\/","title":{"rendered":"REVOGADA &#8211; PORTARIA N\u00ba 673, DE 23 DE JANEIRO DE 2024 &#8211; RESOLVE  NOMEAR, para o Cargo em Comiss\u00e3o de Diretor Escolar, da Escola Municipal, Ismael de Sena Monteiro, o Sr. MARIA JOS\u00c9 DA CONCEI\u00c7\u00c3O DE OLIVEIRA"},"content":{"rendered":"","protected":false},"excerpt":{"rendered":"","protected":false},"author":6,"featured_media":0,"comment_status":"open","ping_status":"closed","sticky":false,"template":"","format":"standard","meta":{"_acf_changed":false,"footnotes":""},"categories":[4],"tags":[],"mes":[24],"ano":[57],"secretarias":[],"class_list":["post-16948","post","type-post","status-publish","format-standard","hentry","category-portarias","mes-janeiro","ano-57"],"acf":{"documento":"https:\/\/saobernardo.ma.gov.br\/transparencia\/wp-content\/uploads\/2024\/01\/PORTARIA-No-673-NOMEACAO-DE-MARIA-JOSE-DA-CONCEICAO-DE-OLIVEIRA-COMO-DIRETOR-ESCOLAR-DA-ESCOLA-ISMAEL-DE-SENA-MONTEIRO.pdf","link_csv":"","situacao_da_portaria":"ATIVA","numero_do_documento":"2024","descricao":"Portaria","urldoarquivo":"https:\/\/saobernardo.ma.gov.br\/transparencia\/wp-content\/uploads\/2024\/01\/PORTARIA-No-673-NOMEACAO-DE-MARIA-JOSE-DA-CONCEICAO-DE-OLIVEIRA-COMO-DIRETOR-ESCOLAR-DA-ESCOLA-ISMAEL-DE-SENA-MONTEIRO.pdf"},"_links":{"self":[{"href":"https:\/\/saobernardo.ma.gov.br\/transparencia\/wp-json\/wp\/v2\/posts\/16948","targetHints":{"allow":["GET"]}}],"collection":[{"href":"https:\/\/saobernardo.ma.gov.br\/transparencia\/wp-json\/wp\/v2\/posts"}],"about":[{"href":"https:\/\/saobernardo.ma.gov.br\/transparencia\/wp-json\/wp\/v2\/types\/post"}],"author":[{"embeddable":true,"href":"https:\/\/saobernardo.ma.gov.br\/transparencia\/wp-json\/wp\/v2\/users\/6"}],"replies":[{"embeddable":true,"href":"https:\/\/saobernardo.ma.gov.br\/transparencia\/wp-json\/wp\/v2\/comments?post=16948"}],"version-history":[{"count":4,"href":"https:\/\/saobernardo.ma.gov.br\/transparencia\/wp-json\/wp\/v2\/posts\/16948\/revisions"}],"predecessor-version":[{"id":25334,"href":"https:\/\/saobernardo.ma.gov.br\/transparencia\/wp-json\/wp\/v2\/posts\/16948\/revisions\/25334"}],"wp:attachment":[{"href":"https:\/\/saobernardo.ma.gov.br\/transparencia\/wp-json\/wp\/v2\/media?parent=16948"}],"wp:term":[{"taxonomy":"category","embeddable":true,"href":"https:\/\/saobernardo.ma.gov.br\/transparencia\/wp-json\/wp\/v2\/categories?post=16948"},{"taxonomy":"post_tag","embeddable":true,"href":"https:\/\/saobernardo.ma.gov.br\/transparencia\/wp-json\/wp\/v2\/tags?post=16948"},{"taxonomy":"mes","embeddable":true,"href":"https:\/\/saobernardo.ma.gov.br\/transparencia\/wp-json\/wp\/v2\/mes?post=16948"},{"taxonomy":"ano","embeddable":true,"href":"https:\/\/saobernardo.ma.gov.br\/transparencia\/wp-json\/wp\/v2\/ano?post=16948"},{"taxonomy":"secretarias","embeddable":true,"href":"https:\/\/saobernardo.ma.gov.br\/transparencia\/wp-json\/wp\/v2\/secretarias?post=16948"}],"curies":[{"name":"wp","href":"https:\/\/api.w.org\/{rel}","templated":true}]}}