 {"id":16992,"date":"2024-01-25T11:19:50","date_gmt":"2024-01-25T14:19:50","guid":{"rendered":"https:\/\/saobernardo.ma.gov.br\/transparencia\/?p=16992"},"modified":"2026-04-24T08:55:04","modified_gmt":"2026-04-24T11:55:04","slug":"portaria-no-683-de-25-de-janeiro-de-2024-resolve-nomear-para-o-cargo-em-comissao-de-assessor-pedagogico-nivel-i-dans-da-secretaria-municipal-de-educacao-ciencia-tecnologia-e-inovacao-a-sr","status":"publish","type":"post","link":"https:\/\/saobernardo.ma.gov.br\/transparencia\/portarias\/portaria-no-683-de-25-de-janeiro-de-2024-resolve-nomear-para-o-cargo-em-comissao-de-assessor-pedagogico-nivel-i-dans-da-secretaria-municipal-de-educacao-ciencia-tecnologia-e-inovacao-a-sr\/","title":{"rendered":"REVOGADA &#8211; PORTARIA N\u00ba 683, DE 25 DE JANEIRO DE 2024 &#8211; RESOLVE NOMEAR, para o Cargo em Comiss\u00e3o de Assessor Pedag\u00f3gico  N\u00edvel I, &#8211; DANS, da Secretaria Municipal de Educa\u00e7\u00e3o, Ci\u00eancia, Tecnologia e  Inova\u00e7\u00e3o, a Sra. ANA MARIA VIEIRA SANTOS."},"content":{"rendered":"","protected":false},"excerpt":{"rendered":"","protected":false},"author":6,"featured_media":0,"comment_status":"open","ping_status":"closed","sticky":false,"template":"","format":"standard","meta":{"_acf_changed":false,"footnotes":""},"categories":[4],"tags":[],"mes":[24],"ano":[57],"secretarias":[],"class_list":["post-16992","post","type-post","status-publish","format-standard","hentry","category-portarias","mes-janeiro","ano-57"],"acf":{"documento":"https:\/\/saobernardo.ma.gov.br\/transparencia\/wp-content\/uploads\/2024\/01\/PORTARIA-No-683-NOMEACAO-DE-ANA-MARIA-VIEIRA-SANTOS-COMO-ASSESSOR-PEDAGOGICO-NIVEL-I-1.pdf","link_csv":"","situacao_da_portaria":"REVOGADA","numero_do_documento":"2024","descricao":"Portaria","urldoarquivo":"https:\/\/saobernardo.ma.gov.br\/transparencia\/wp-content\/uploads\/2024\/01\/PORTARIA-No-683-NOMEACAO-DE-ANA-MARIA-VIEIRA-SANTOS-COMO-ASSESSOR-PEDAGOGICO-NIVEL-I-1-1.pdf"},"_links":{"self":[{"href":"https:\/\/saobernardo.ma.gov.br\/transparencia\/wp-json\/wp\/v2\/posts\/16992","targetHints":{"allow":["GET"]}}],"collection":[{"href":"https:\/\/saobernardo.ma.gov.br\/transparencia\/wp-json\/wp\/v2\/posts"}],"about":[{"href":"https:\/\/saobernardo.ma.gov.br\/transparencia\/wp-json\/wp\/v2\/types\/post"}],"author":[{"embeddable":true,"href":"https:\/\/saobernardo.ma.gov.br\/transparencia\/wp-json\/wp\/v2\/users\/6"}],"replies":[{"embeddable":true,"href":"https:\/\/saobernardo.ma.gov.br\/transparencia\/wp-json\/wp\/v2\/comments?post=16992"}],"version-history":[{"count":4,"href":"https:\/\/saobernardo.ma.gov.br\/transparencia\/wp-json\/wp\/v2\/posts\/16992\/revisions"}],"predecessor-version":[{"id":25351,"href":"https:\/\/saobernardo.ma.gov.br\/transparencia\/wp-json\/wp\/v2\/posts\/16992\/revisions\/25351"}],"wp:attachment":[{"href":"https:\/\/saobernardo.ma.gov.br\/transparencia\/wp-json\/wp\/v2\/media?parent=16992"}],"wp:term":[{"taxonomy":"category","embeddable":true,"href":"https:\/\/saobernardo.ma.gov.br\/transparencia\/wp-json\/wp\/v2\/categories?post=16992"},{"taxonomy":"post_tag","embeddable":true,"href":"https:\/\/saobernardo.ma.gov.br\/transparencia\/wp-json\/wp\/v2\/tags?post=16992"},{"taxonomy":"mes","embeddable":true,"href":"https:\/\/saobernardo.ma.gov.br\/transparencia\/wp-json\/wp\/v2\/mes?post=16992"},{"taxonomy":"ano","embeddable":true,"href":"https:\/\/saobernardo.ma.gov.br\/transparencia\/wp-json\/wp\/v2\/ano?post=16992"},{"taxonomy":"secretarias","embeddable":true,"href":"https:\/\/saobernardo.ma.gov.br\/transparencia\/wp-json\/wp\/v2\/secretarias?post=16992"}],"curies":[{"name":"wp","href":"https:\/\/api.w.org\/{rel}","templated":true}]}}