 {"id":17293,"date":"2024-02-27T16:22:20","date_gmt":"2024-02-27T19:22:20","guid":{"rendered":"https:\/\/saobernardo.ma.gov.br\/transparencia\/?p=17293"},"modified":"2026-04-24T09:34:38","modified_gmt":"2026-04-24T12:34:38","slug":"portaria-no-706-de-27-de-fevereiro-de-2024-resolve-nomear-para-o-cargo-em-comissao-de-coordenador-pedagogico-das-da-escola-municipal-monsenhor-mauricio-laurent-o-sr-walison-vieira-de-carval","status":"publish","type":"post","link":"https:\/\/saobernardo.ma.gov.br\/transparencia\/portarias\/portaria-no-706-de-27-de-fevereiro-de-2024-resolve-nomear-para-o-cargo-em-comissao-de-coordenador-pedagogico-das-da-escola-municipal-monsenhor-mauricio-laurent-o-sr-walison-vieira-de-carval\/","title":{"rendered":"REVOGADA &#8211; PORTARIA N\u00ba 706, DE 27 DE FEVEREIRO DE 2024 &#8211; RESOLVE NOMEAR, para o Cargo em Comiss\u00e3o de Coordenador  Pedag\u00f3gico &#8211; DAS, da Escola Municipal, Monsenhor Maur\u00edcio Laurent, o Sr. WALISON VIEIRA DE CARVALHO"},"content":{"rendered":"","protected":false},"excerpt":{"rendered":"","protected":false},"author":6,"featured_media":0,"comment_status":"open","ping_status":"closed","sticky":false,"template":"","format":"standard","meta":{"_acf_changed":false,"footnotes":""},"categories":[4],"tags":[],"mes":[25],"ano":[57],"secretarias":[],"class_list":["post-17293","post","type-post","status-publish","format-standard","hentry","category-portarias","mes-fevereiro","ano-57"],"acf":{"documento":"https:\/\/saobernardo.ma.gov.br\/transparencia\/wp-content\/uploads\/2024\/02\/PORTARIA-No-706-NOMEACAO-DE-WALISON-VIEIRA-DE-CARVALHO-COMO-COORDENADOR-PEDAGOGICO-DA-ESCOLA-MONSENHOR-MAURICIO.pdf","link_csv":"","situacao_da_portaria":"REVOGADA","numero_do_documento":"2024","descricao":"Portaria","urldoarquivo":"https:\/\/saobernardo.ma.gov.br\/transparencia\/wp-content\/uploads\/2024\/02\/PORTARIA-No-706-NOMEACAO-DE-WALISON-VIEIRA-DE-CARVALHO-COMO-COORDENADOR-PEDAGOGICO-DA-ESCOLA-MONSENHOR-MAURICIO-1.pdf"},"_links":{"self":[{"href":"https:\/\/saobernardo.ma.gov.br\/transparencia\/wp-json\/wp\/v2\/posts\/17293","targetHints":{"allow":["GET"]}}],"collection":[{"href":"https:\/\/saobernardo.ma.gov.br\/transparencia\/wp-json\/wp\/v2\/posts"}],"about":[{"href":"https:\/\/saobernardo.ma.gov.br\/transparencia\/wp-json\/wp\/v2\/types\/post"}],"author":[{"embeddable":true,"href":"https:\/\/saobernardo.ma.gov.br\/transparencia\/wp-json\/wp\/v2\/users\/6"}],"replies":[{"embeddable":true,"href":"https:\/\/saobernardo.ma.gov.br\/transparencia\/wp-json\/wp\/v2\/comments?post=17293"}],"version-history":[{"count":2,"href":"https:\/\/saobernardo.ma.gov.br\/transparencia\/wp-json\/wp\/v2\/posts\/17293\/revisions"}],"predecessor-version":[{"id":25380,"href":"https:\/\/saobernardo.ma.gov.br\/transparencia\/wp-json\/wp\/v2\/posts\/17293\/revisions\/25380"}],"wp:attachment":[{"href":"https:\/\/saobernardo.ma.gov.br\/transparencia\/wp-json\/wp\/v2\/media?parent=17293"}],"wp:term":[{"taxonomy":"category","embeddable":true,"href":"https:\/\/saobernardo.ma.gov.br\/transparencia\/wp-json\/wp\/v2\/categories?post=17293"},{"taxonomy":"post_tag","embeddable":true,"href":"https:\/\/saobernardo.ma.gov.br\/transparencia\/wp-json\/wp\/v2\/tags?post=17293"},{"taxonomy":"mes","embeddable":true,"href":"https:\/\/saobernardo.ma.gov.br\/transparencia\/wp-json\/wp\/v2\/mes?post=17293"},{"taxonomy":"ano","embeddable":true,"href":"https:\/\/saobernardo.ma.gov.br\/transparencia\/wp-json\/wp\/v2\/ano?post=17293"},{"taxonomy":"secretarias","embeddable":true,"href":"https:\/\/saobernardo.ma.gov.br\/transparencia\/wp-json\/wp\/v2\/secretarias?post=17293"}],"curies":[{"name":"wp","href":"https:\/\/api.w.org\/{rel}","templated":true}]}}