 {"id":17316,"date":"2024-02-28T16:20:05","date_gmt":"2024-02-28T19:20:05","guid":{"rendered":"https:\/\/saobernardo.ma.gov.br\/transparencia\/?p=17316"},"modified":"2024-02-28T16:20:05","modified_gmt":"2024-02-28T19:20:05","slug":"portaria-no-709-de-28-de-fevereiro-de-2024-resolve-exonerar-do-cargo-em-comissao-de-assessor-pedagogico-nivel-ii-da-secretaria-municipal-de-educacao-ciencia-tecnologia-e-inovacao-o-sr-valdem","status":"publish","type":"post","link":"https:\/\/saobernardo.ma.gov.br\/transparencia\/portarias\/portaria-no-709-de-28-de-fevereiro-de-2024-resolve-exonerar-do-cargo-em-comissao-de-assessor-pedagogico-nivel-ii-da-secretaria-municipal-de-educacao-ciencia-tecnologia-e-inovacao-o-sr-valdem\/","title":{"rendered":"PORTARIA N\u00ba 709, DE 28 DE FEVEREIRO DE 2024 &#8211; RESOLVE EXONERAR, do Cargo em Comiss\u00e3o de Assessor Pedag\u00f3gico  N\u00edvel II, da Secretaria Municipal de Educa\u00e7\u00e3o, Ci\u00eancia, Tecnologia e Inova\u00e7\u00e3o, o Sr. VALDEMIR MELO SILVA"},"content":{"rendered":"","protected":false},"excerpt":{"rendered":"","protected":false},"author":6,"featured_media":0,"comment_status":"open","ping_status":"closed","sticky":false,"template":"","format":"standard","meta":{"_acf_changed":false,"footnotes":""},"categories":[4],"tags":[],"mes":[25],"ano":[],"secretarias":[],"class_list":["post-17316","post","type-post","status-publish","format-standard","hentry","category-portarias","mes-fevereiro"],"acf":{"documento":"https:\/\/saobernardo.ma.gov.br\/transparencia\/wp-content\/uploads\/2024\/02\/PORTARIA-No-709-EXONERACAO-DE-VALDEMIR-MELO-SILVA-COMO-ASSESSOR-PEDAGOGICO-NIVEL-II.pdf","link_csv":"","situacao_da_portaria":"ATIVA"},"_links":{"self":[{"href":"https:\/\/saobernardo.ma.gov.br\/transparencia\/wp-json\/wp\/v2\/posts\/17316","targetHints":{"allow":["GET"]}}],"collection":[{"href":"https:\/\/saobernardo.ma.gov.br\/transparencia\/wp-json\/wp\/v2\/posts"}],"about":[{"href":"https:\/\/saobernardo.ma.gov.br\/transparencia\/wp-json\/wp\/v2\/types\/post"}],"author":[{"embeddable":true,"href":"https:\/\/saobernardo.ma.gov.br\/transparencia\/wp-json\/wp\/v2\/users\/6"}],"replies":[{"embeddable":true,"href":"https:\/\/saobernardo.ma.gov.br\/transparencia\/wp-json\/wp\/v2\/comments?post=17316"}],"version-history":[{"count":1,"href":"https:\/\/saobernardo.ma.gov.br\/transparencia\/wp-json\/wp\/v2\/posts\/17316\/revisions"}],"predecessor-version":[{"id":17318,"href":"https:\/\/saobernardo.ma.gov.br\/transparencia\/wp-json\/wp\/v2\/posts\/17316\/revisions\/17318"}],"wp:attachment":[{"href":"https:\/\/saobernardo.ma.gov.br\/transparencia\/wp-json\/wp\/v2\/media?parent=17316"}],"wp:term":[{"taxonomy":"category","embeddable":true,"href":"https:\/\/saobernardo.ma.gov.br\/transparencia\/wp-json\/wp\/v2\/categories?post=17316"},{"taxonomy":"post_tag","embeddable":true,"href":"https:\/\/saobernardo.ma.gov.br\/transparencia\/wp-json\/wp\/v2\/tags?post=17316"},{"taxonomy":"mes","embeddable":true,"href":"https:\/\/saobernardo.ma.gov.br\/transparencia\/wp-json\/wp\/v2\/mes?post=17316"},{"taxonomy":"ano","embeddable":true,"href":"https:\/\/saobernardo.ma.gov.br\/transparencia\/wp-json\/wp\/v2\/ano?post=17316"},{"taxonomy":"secretarias","embeddable":true,"href":"https:\/\/saobernardo.ma.gov.br\/transparencia\/wp-json\/wp\/v2\/secretarias?post=17316"}],"curies":[{"name":"wp","href":"https:\/\/api.w.org\/{rel}","templated":true}]}}