 {"id":17377,"date":"2024-03-07T08:24:49","date_gmt":"2024-03-07T11:24:49","guid":{"rendered":"https:\/\/saobernardo.ma.gov.br\/transparencia\/?p=17377"},"modified":"2026-04-24T09:51:33","modified_gmt":"2026-04-24T12:51:33","slug":"portaria-no-716-de-06-de-marco-de-2024-resolve-nomear-para-o-cargo-em-comissao-de-coordenador-pedagogico-das-da-escola-municipal-francisco-marques-da-silva-a-sra-gildelene-farias-cardoso","status":"publish","type":"post","link":"https:\/\/saobernardo.ma.gov.br\/transparencia\/portarias\/portaria-no-716-de-06-de-marco-de-2024-resolve-nomear-para-o-cargo-em-comissao-de-coordenador-pedagogico-das-da-escola-municipal-francisco-marques-da-silva-a-sra-gildelene-farias-cardoso\/","title":{"rendered":"REVOGADA &#8211; PORTARIA N\u00ba 716, DE 06 DE MAR\u00c7O DE 2024 &#8211; RESOLVE NOMEAR, para o Cargo em Comiss\u00e3o de Coordenador  Pedag\u00f3gico &#8211; DAS, da Escola Municipal, Francisco Marques da Silva, a Sra. GILDELENE FARIAS CARDOSO"},"content":{"rendered":"","protected":false},"excerpt":{"rendered":"","protected":false},"author":6,"featured_media":0,"comment_status":"open","ping_status":"closed","sticky":false,"template":"","format":"standard","meta":{"_acf_changed":false,"footnotes":""},"categories":[4],"tags":[],"mes":[26],"ano":[57],"secretarias":[],"class_list":["post-17377","post","type-post","status-publish","format-standard","hentry","category-portarias","mes-marco","ano-57"],"acf":{"documento":"https:\/\/saobernardo.ma.gov.br\/transparencia\/wp-content\/uploads\/2024\/03\/PORTARIA-No-716-NOMEACAO-DE-GILDELANE-FARIAS-CARDOSO-COMO-COORDENADORA-PEDAGOGICA-DA-ESCOLA-FRANCISCO-MARQUES.pdf","link_csv":"","situacao_da_portaria":"REVOGADA","numero_do_documento":"2024","descricao":"Portaria","urldoarquivo":"https:\/\/saobernardo.ma.gov.br\/transparencia\/wp-content\/uploads\/2024\/03\/PORTARIA-No-716-NOMEACAO-DE-GILDELANE-FARIAS-CARDOSO-COMO-COORDENADORA-PEDAGOGICA-DA-ESCOLA-FRANCISCO-MARQUES-1.pdf"},"_links":{"self":[{"href":"https:\/\/saobernardo.ma.gov.br\/transparencia\/wp-json\/wp\/v2\/posts\/17377","targetHints":{"allow":["GET"]}}],"collection":[{"href":"https:\/\/saobernardo.ma.gov.br\/transparencia\/wp-json\/wp\/v2\/posts"}],"about":[{"href":"https:\/\/saobernardo.ma.gov.br\/transparencia\/wp-json\/wp\/v2\/types\/post"}],"author":[{"embeddable":true,"href":"https:\/\/saobernardo.ma.gov.br\/transparencia\/wp-json\/wp\/v2\/users\/6"}],"replies":[{"embeddable":true,"href":"https:\/\/saobernardo.ma.gov.br\/transparencia\/wp-json\/wp\/v2\/comments?post=17377"}],"version-history":[{"count":3,"href":"https:\/\/saobernardo.ma.gov.br\/transparencia\/wp-json\/wp\/v2\/posts\/17377\/revisions"}],"predecessor-version":[{"id":25399,"href":"https:\/\/saobernardo.ma.gov.br\/transparencia\/wp-json\/wp\/v2\/posts\/17377\/revisions\/25399"}],"wp:attachment":[{"href":"https:\/\/saobernardo.ma.gov.br\/transparencia\/wp-json\/wp\/v2\/media?parent=17377"}],"wp:term":[{"taxonomy":"category","embeddable":true,"href":"https:\/\/saobernardo.ma.gov.br\/transparencia\/wp-json\/wp\/v2\/categories?post=17377"},{"taxonomy":"post_tag","embeddable":true,"href":"https:\/\/saobernardo.ma.gov.br\/transparencia\/wp-json\/wp\/v2\/tags?post=17377"},{"taxonomy":"mes","embeddable":true,"href":"https:\/\/saobernardo.ma.gov.br\/transparencia\/wp-json\/wp\/v2\/mes?post=17377"},{"taxonomy":"ano","embeddable":true,"href":"https:\/\/saobernardo.ma.gov.br\/transparencia\/wp-json\/wp\/v2\/ano?post=17377"},{"taxonomy":"secretarias","embeddable":true,"href":"https:\/\/saobernardo.ma.gov.br\/transparencia\/wp-json\/wp\/v2\/secretarias?post=17377"}],"curies":[{"name":"wp","href":"https:\/\/api.w.org\/{rel}","templated":true}]}}