 {"id":17380,"date":"2024-03-07T08:28:02","date_gmt":"2024-03-07T11:28:02","guid":{"rendered":"https:\/\/saobernardo.ma.gov.br\/transparencia\/?p=17380"},"modified":"2026-04-24T09:54:30","modified_gmt":"2026-04-24T12:54:30","slug":"portaria-no-717-de-06-de-marco-de-2024-resolve-nomear-para-o-cargo-em-comissao-de-coordenador-pedagogico-das-da-escola-municipal-monsenhor-mauricio-laurent-o-sr-walison-vieira-de-carvalho","status":"publish","type":"post","link":"https:\/\/saobernardo.ma.gov.br\/transparencia\/portarias\/portaria-no-717-de-06-de-marco-de-2024-resolve-nomear-para-o-cargo-em-comissao-de-coordenador-pedagogico-das-da-escola-municipal-monsenhor-mauricio-laurent-o-sr-walison-vieira-de-carvalho\/","title":{"rendered":"REVOGADA &#8211; PORTARIA N\u00ba 717, DE 06 DE MAR\u00c7O DE 2024 &#8211; RESOLVE NOMEAR, para o Cargo em Comiss\u00e3o de Coordenador  Pedag\u00f3gico &#8211; DAS, da Escola Municipal, Monsenhor Maur\u00edcio Laurent, o Sr.  WALISON VIEIRA DE CARVALHO"},"content":{"rendered":"","protected":false},"excerpt":{"rendered":"","protected":false},"author":6,"featured_media":0,"comment_status":"open","ping_status":"closed","sticky":false,"template":"","format":"standard","meta":{"_acf_changed":false,"footnotes":""},"categories":[4],"tags":[],"mes":[26],"ano":[57],"secretarias":[],"class_list":["post-17380","post","type-post","status-publish","format-standard","hentry","category-portarias","mes-marco","ano-57"],"acf":{"documento":"https:\/\/saobernardo.ma.gov.br\/transparencia\/wp-content\/uploads\/2024\/03\/PORTARIA-No-717-NOMEACAO-DE-WALISON-VIEIRA-DE-CARVALHO.pdf","link_csv":"","situacao_da_portaria":"REVOGADA","numero_do_documento":"2024","descricao":"Portaria","urldoarquivo":"https:\/\/saobernardo.ma.gov.br\/transparencia\/wp-content\/uploads\/2024\/03\/PORTARIA-No-717-NOMEACAO-DE-WALISON-VIEIRA-DE-CARVALHO-1.pdf"},"_links":{"self":[{"href":"https:\/\/saobernardo.ma.gov.br\/transparencia\/wp-json\/wp\/v2\/posts\/17380","targetHints":{"allow":["GET"]}}],"collection":[{"href":"https:\/\/saobernardo.ma.gov.br\/transparencia\/wp-json\/wp\/v2\/posts"}],"about":[{"href":"https:\/\/saobernardo.ma.gov.br\/transparencia\/wp-json\/wp\/v2\/types\/post"}],"author":[{"embeddable":true,"href":"https:\/\/saobernardo.ma.gov.br\/transparencia\/wp-json\/wp\/v2\/users\/6"}],"replies":[{"embeddable":true,"href":"https:\/\/saobernardo.ma.gov.br\/transparencia\/wp-json\/wp\/v2\/comments?post=17380"}],"version-history":[{"count":3,"href":"https:\/\/saobernardo.ma.gov.br\/transparencia\/wp-json\/wp\/v2\/posts\/17380\/revisions"}],"predecessor-version":[{"id":25402,"href":"https:\/\/saobernardo.ma.gov.br\/transparencia\/wp-json\/wp\/v2\/posts\/17380\/revisions\/25402"}],"wp:attachment":[{"href":"https:\/\/saobernardo.ma.gov.br\/transparencia\/wp-json\/wp\/v2\/media?parent=17380"}],"wp:term":[{"taxonomy":"category","embeddable":true,"href":"https:\/\/saobernardo.ma.gov.br\/transparencia\/wp-json\/wp\/v2\/categories?post=17380"},{"taxonomy":"post_tag","embeddable":true,"href":"https:\/\/saobernardo.ma.gov.br\/transparencia\/wp-json\/wp\/v2\/tags?post=17380"},{"taxonomy":"mes","embeddable":true,"href":"https:\/\/saobernardo.ma.gov.br\/transparencia\/wp-json\/wp\/v2\/mes?post=17380"},{"taxonomy":"ano","embeddable":true,"href":"https:\/\/saobernardo.ma.gov.br\/transparencia\/wp-json\/wp\/v2\/ano?post=17380"},{"taxonomy":"secretarias","embeddable":true,"href":"https:\/\/saobernardo.ma.gov.br\/transparencia\/wp-json\/wp\/v2\/secretarias?post=17380"}],"curies":[{"name":"wp","href":"https:\/\/api.w.org\/{rel}","templated":true}]}}