 {"id":17383,"date":"2024-03-07T08:32:08","date_gmt":"2024-03-07T11:32:08","guid":{"rendered":"https:\/\/saobernardo.ma.gov.br\/transparencia\/?p=17383"},"modified":"2026-04-24T09:59:18","modified_gmt":"2026-04-24T12:59:18","slug":"portaria-no-718-de-06-de-marco-de-2024-resolve-nomear-para-o-cargo-em-comissao-de-assessor-tecnico-administrativo-dai-1-da-controladoria-geral-do-municipio-a-sra-priscila-silva-me","status":"publish","type":"post","link":"https:\/\/saobernardo.ma.gov.br\/transparencia\/portarias\/portaria-no-718-de-06-de-marco-de-2024-resolve-nomear-para-o-cargo-em-comissao-de-assessor-tecnico-administrativo-dai-1-da-controladoria-geral-do-municipio-a-sra-priscila-silva-me\/","title":{"rendered":"REVOGADA &#8211; PORTARIA N\u00ba 718, DE 06 DE MAR\u00c7O DE 2024 &#8211; RESOLVE NOMEAR, para o Cargo em Comiss\u00e3o de Assessor T\u00e9cnico  Administrativo \u2013 DAI &#8211; 1, da Controladoria Geral do Munic\u00edpio, a Sra. PRISCILA SILVA  MENESES"},"content":{"rendered":"","protected":false},"excerpt":{"rendered":"","protected":false},"author":6,"featured_media":0,"comment_status":"open","ping_status":"closed","sticky":false,"template":"","format":"standard","meta":{"_acf_changed":false,"footnotes":""},"categories":[4],"tags":[],"mes":[26],"ano":[57],"secretarias":[],"class_list":["post-17383","post","type-post","status-publish","format-standard","hentry","category-portarias","mes-marco","ano-57"],"acf":{"documento":"https:\/\/saobernardo.ma.gov.br\/transparencia\/wp-content\/uploads\/2024\/03\/PORTARIA-No-718-NOMEACAO-DE-PRISCILA-SILVA-MENESES-COMO-ASSESSORA-TECNICA-ADMINISTRATIVA-DA-CONTROLADORIA-GERAL-DO-MUNICIPIO.pdf","link_csv":"","situacao_da_portaria":"REVOGADA","numero_do_documento":"2024","descricao":"Portaria","urldoarquivo":"https:\/\/saobernardo.ma.gov.br\/transparencia\/wp-content\/uploads\/2024\/03\/PORTARIA-No-718-NOMEACAO-DE-PRISCILA-SILVA-MENESES-COMO-ASSESSORA-TECNICA-ADMINISTRATIVA-DA-CONTROLADORIA-GERAL-DO-MUNICIPIO-1.pdf"},"_links":{"self":[{"href":"https:\/\/saobernardo.ma.gov.br\/transparencia\/wp-json\/wp\/v2\/posts\/17383","targetHints":{"allow":["GET"]}}],"collection":[{"href":"https:\/\/saobernardo.ma.gov.br\/transparencia\/wp-json\/wp\/v2\/posts"}],"about":[{"href":"https:\/\/saobernardo.ma.gov.br\/transparencia\/wp-json\/wp\/v2\/types\/post"}],"author":[{"embeddable":true,"href":"https:\/\/saobernardo.ma.gov.br\/transparencia\/wp-json\/wp\/v2\/users\/6"}],"replies":[{"embeddable":true,"href":"https:\/\/saobernardo.ma.gov.br\/transparencia\/wp-json\/wp\/v2\/comments?post=17383"}],"version-history":[{"count":2,"href":"https:\/\/saobernardo.ma.gov.br\/transparencia\/wp-json\/wp\/v2\/posts\/17383\/revisions"}],"predecessor-version":[{"id":25404,"href":"https:\/\/saobernardo.ma.gov.br\/transparencia\/wp-json\/wp\/v2\/posts\/17383\/revisions\/25404"}],"wp:attachment":[{"href":"https:\/\/saobernardo.ma.gov.br\/transparencia\/wp-json\/wp\/v2\/media?parent=17383"}],"wp:term":[{"taxonomy":"category","embeddable":true,"href":"https:\/\/saobernardo.ma.gov.br\/transparencia\/wp-json\/wp\/v2\/categories?post=17383"},{"taxonomy":"post_tag","embeddable":true,"href":"https:\/\/saobernardo.ma.gov.br\/transparencia\/wp-json\/wp\/v2\/tags?post=17383"},{"taxonomy":"mes","embeddable":true,"href":"https:\/\/saobernardo.ma.gov.br\/transparencia\/wp-json\/wp\/v2\/mes?post=17383"},{"taxonomy":"ano","embeddable":true,"href":"https:\/\/saobernardo.ma.gov.br\/transparencia\/wp-json\/wp\/v2\/ano?post=17383"},{"taxonomy":"secretarias","embeddable":true,"href":"https:\/\/saobernardo.ma.gov.br\/transparencia\/wp-json\/wp\/v2\/secretarias?post=17383"}],"curies":[{"name":"wp","href":"https:\/\/api.w.org\/{rel}","templated":true}]}}